{"id":1087,"date":"2026-03-12T06:00:00","date_gmt":"2026-03-12T05:00:00","guid":{"rendered":"https:\/\/www.jmatesanz.com\/?p=1087"},"modified":"2026-03-11T08:42:50","modified_gmt":"2026-03-11T07:42:50","slug":"andrei-kivilev-la-muerte-que-cambio-el-ciclismo","status":"publish","type":"post","link":"https:\/\/www.jmatesanz.com\/index.php\/2026\/03\/12\/andrei-kivilev-la-muerte-que-cambio-el-ciclismo\/","title":{"rendered":"Andrei Kivilev: la muerte que cambi\u00f3 el ciclismo"},"content":{"rendered":"\n<p>12 de marzo de 2003, d\u00eda en el que la Par\u00eds Niza sufri\u00f3 un desgraciado accidente que terminar\u00eda con la vida del ciclista kazajo&nbsp;<a href=\"https:\/\/es.wikipedia.org\/wiki\/Andrei_Kivilev\" target=\"_blank\" rel=\"noopener\" title=\"\">Andrei Kivilev<\/a>, corredor del Cofidis franc\u00e9s y que hab\u00eda ganado gran fama entre los aficionados por varias actuaciones sobre la bicicleta, pero en especial la que le llev\u00f3 a ser cuarto clasificado en el Tour de Francia del a\u00f1o 2001. <\/p>\n\n\n\n<p>Una soberbia actuaci\u00f3n que estuvo marcada por la fuga bid\u00f3n en la que el ciclista nacido en Taldykorgan (en septiembre hubiese cumplido 50 a\u00f1os) obtuvo una gran ventaja que despu\u00e9s sus rivales, en especial el espa\u00f1ol Joseba Beloki, sufrieron para recuperar.<\/p>\n\n\n\n<p>El kazajo estuvo a punto de subirse al podio de Par\u00eds, si no llega a ser por la \u00faltima contrarreloj en la que el corredor de la ONCE le desbanc\u00f3. Andrei superaba en un minuto largo al vasco y en esa crono de Saint Amand Montrond se reverti\u00f3 la situaci\u00f3n, siendo&nbsp;Beloki&nbsp;el corredor que se acerc\u00f3 al minuto de ventaja a su favor. <\/p>\n\n\n\n<p>Ambos a a\u00f1os luz de los dos primeros, Lance Armstrong y Jan Ullrich. Kivilev no lleg\u00f3 a vestir el maillot amarillo como Jean Fran\u00e7ois Simon, que lo luci\u00f3 durante d\u00edas, pero s\u00ed que fue el peligro real para los favoritos, que hasta llegados los Pirineos no consiguieron superarle. A\u00fan as\u00ed, se col\u00f3 por delante de muchos de ellos en la clasificaci\u00f3n final.<\/p>\n\n\n\n<p>Dos temporadas m\u00e1s tarde,&nbsp;se disputaba la Par\u00eds Niza&nbsp;con el ciclista kazajo entre los corredores a tener en cuenta para un buen puesto en la general. Un buen ciclista, sin duda, con caracter\u00edsticas que le hac\u00edan ser un hombre completo. <\/p>\n\n\n\n<p>Sin embargo, en la segunda etapa, que conduc\u00eda al pelot\u00f3n de La Clayette a Saint Etienne. Fue una ca\u00edda como tantas otras, en el pelot\u00f3n, de esas que se suelen resolver con la asistencia de su coche para atender sus heridas, el mec\u00e1nico chequeando su bicicleta y de nuevo partir en busca del grupo para seguir la marcha con normalidad.<\/p>\n\n\n\n<p>Sin embargo, Andrei no se mov\u00eda. La ca\u00edda le hab\u00eda golpeado el cr\u00e1neo con el asfalto, lo que le hab\u00eda producido una fractura en el mismo, un edema y posteriormente, al d\u00eda siguiente, la muerte. Fue una aut\u00e9ntica tragedia que parad\u00f3jicamente iba a salvar muchas vidas. <\/p>\n\n\n\n<p>Su amigo \u00edntimo y tambi\u00e9n kazajo, Alexandr Vinokourov, gan\u00f3 aquella edici\u00f3n de la carrera francesa. Fue duro para \u00e9l seguir en competici\u00f3n, porque el v\u00ednculo entre ambos era muy estrecho. Y lo hizo con un \u00fanico objetivo: ganarla para dedic\u00e1rsela a su amigo recientemente fallecido.<\/p>\n\n\n\n<p>En el pelot\u00f3n todo eran caras largas al d\u00eda siguiente. La etapa se suspendi\u00f3 y no hubo resultados. Ese d\u00eda de la tragedia ganar\u00eda Davide Rebellin, que tampoco ha salido muy bien parado del ciclismo que digamos,&nbsp;falleciendo&nbsp;justo despu\u00e9s de colgar la bicicleta debido a un atropello. <\/p>\n\n\n\n<p>Aquella edici\u00f3n se la llevar\u00eda Vinokourov con una&nbsp;soberbia actuaci\u00f3n en el Mont Faron, que ser\u00eda la ascensi\u00f3n decisiva. Los que all\u00ed se enfrentaron a \u00e9l cuentan que iba pose\u00eddo, fuera de s\u00ed. Su concentraci\u00f3n era ganar ese d\u00eda para ganar la Par\u00eds Niza y as\u00ed tener algo que ofrecer a la memoria de su amigo.<\/p>\n\n\n\n<p>No tuvo rival. Ni siquiera un inspirado&nbsp;Gilberto Simoni&nbsp;que un par de meses m\u00e1s tarde mostrar\u00eda la mejor versi\u00f3n de su carrera ganando f\u00e1cilmente el Giro de Italia. El italiano fue segundo porque esa carrera ten\u00eda una historia que ya estaba escrita. <\/p>\n\n\n\n<p>Mientras tanto, la UCI y los organismos competentes empezaron a estudiar soluciones para prevenir este tipo de casos. Como suele pasar en este estamento, las decisiones se tomaron despu\u00e9s de la tragedia y no antes, por lo que desde la muerte de Andrei Kivilev, el casco se convirti\u00f3 en obligatorio entre los ciclistas profesionales.<\/p>\n\n\n\n<p>\u00danicamente se pod\u00edan desprender de \u00e9l en las llegadas en alto que superasen una determinada longitud. Pensando, sobre todo, en ascensiones estilo Mont Ventoux o Alpe d&#8217;Huez, donde el calor en el mes de julio en pleno Tour de Francia, hac\u00eda impensable llevar casco. <\/p>\n\n\n\n<p>En todo caso, con el paso del tiempo se ha ido normalizando y una vez el tiempo fue acostumbrando a los pedalistas a convivir con esa protecci\u00f3n en la cabeza que salvar\u00eda m\u00e1s de una vida a posteriori (l\u00e1stima que no se tomase esa decisi\u00f3n antes) se estableci\u00f3 como obligatorio llevarlo de salida a meta.<\/p>\n\n\n\n<p>De ese modo, se evitar\u00edan muchos casos ambiguos en los que poderse quitar el casco y los que no. Y tambi\u00e9n se iba a reducir el tr\u00e1fico de coches en momentos clave de carrera para la recogida de estas protecciones. Muchos accidentes posteriores han tenido un final feliz debido a esta medida, que sigue vigente a\u00fan en la actualidad y parece poco probable que var\u00ede a estas alturas. <\/p>\n\n\n\n<p>El desgraciado caso de Kivilev, que fue una aut\u00e9ntica tragedia, salv\u00f3 parad\u00f3jicamente vidas. Adem\u00e1s, de ese modo se conciencia al resto de practicantes de ciclismo del uso del casco a trav\u00e9s del ejemplo, la mejor forma de promover algo.<\/p>\n\n\n\n<p>Como curiosidad, tras los esc\u00e1ndalos de dopaje que han ido aconteciendo durante los a\u00f1os posteriores a la celebraci\u00f3n del Tour de Francia 2001 que supusieron el nombramiento de ning\u00fan ganador en esas ediciones manchadas con los nombres tachados de los primeros clasificados, la familia Kivilev se puso en marcha y env\u00edo la siguiente carta al director del&nbsp;<a href=\"https:\/\/www.jmatesanz.com\/index.php\/2026\/01\/31\/tour-de-francia-2026-equipos-y-ciclistas-mas-importantes\/\" target=\"_blank\" rel=\"noopener\" title=\"\">Tour de Francia<\/a>, Christian Prudhomme, solicitando que el t\u00edtulo en aquella edici\u00f3n del Tour para Andrei. <\/p>\n\n\n\n<p>El firmando presuntamente es su hijo Leonard, quien afirma no haber podido conocer a su padre.<\/p>\n\n\n\n<p><strong>Foto \u00a9 Alchetron<\/strong> <strong>et al<\/strong><\/p>\n","protected":false},"excerpt":{"rendered":"<p>12 de marzo de 2003, d\u00eda en el que la Par\u00eds Niza sufri\u00f3 un desgraciado accidente que terminar\u00eda con la vida del ciclista kazajo&nbsp;Andrei Kivilev, corredor del Cofidis franc\u00e9s y que hab\u00eda ganado gran fama entre los aficionados por varias actuaciones sobre la bicicleta, pero en especial la que le llev\u00f3 a ser cuarto clasificado [&hellip;]<\/p>\n","protected":false},"author":2,"featured_media":1562,"comment_status":"open","ping_status":"open","sticky":false,"template":"","format":"standard","meta":{"_monsterinsights_skip_tracking":false,"_monsterinsights_sitenote_active":false,"_monsterinsights_sitenote_note":"","_monsterinsights_sitenote_category":0,"footnotes":""},"categories":[38],"tags":[264,436,406,438,385,437,302],"class_list":["post-1087","post","type-post","status-publish","format-standard","has-post-thumbnail","hentry","category-articulos","tag-264","tag-andrei-kivilev","tag-caida","tag-casco","tag-cofidis","tag-kazajstan","tag-paris-niza"],"yoast_head":"<!-- This site is optimized with the Yoast SEO plugin v27.3 - https:\/\/yoast.com\/product\/yoast-seo-wordpress\/ -->\n<title>Andrei Kivilev: la muerte que cambi\u00f3 el ciclismo - Jorge Matesanz<\/title>\n<meta name=\"robots\" content=\"index, follow, max-snippet:-1, max-image-preview:large, max-video-preview:-1\" \/>\n<link rel=\"canonical\" href=\"https:\/\/www.jmatesanz.com\/index.php\/2026\/03\/12\/andrei-kivilev-la-muerte-que-cambio-el-ciclismo\/\" \/>\n<meta property=\"og:locale\" content=\"es_ES\" \/>\n<meta property=\"og:type\" content=\"article\" \/>\n<meta property=\"og:title\" content=\"Andrei Kivilev: la muerte que cambi\u00f3 el ciclismo - Jorge Matesanz\" \/>\n<meta property=\"og:description\" content=\"12 de marzo de 2003, d\u00eda en el que la Par\u00eds Niza sufri\u00f3 un desgraciado accidente que terminar\u00eda con la vida del ciclista kazajo&nbsp;Andrei Kivilev, corredor del Cofidis franc\u00e9s y que hab\u00eda ganado gran fama entre los aficionados por varias actuaciones sobre la bicicleta, pero en especial la que le llev\u00f3 a ser cuarto clasificado [&hellip;]\" \/>\n<meta property=\"og:url\" content=\"https:\/\/www.jmatesanz.com\/index.php\/2026\/03\/12\/andrei-kivilev-la-muerte-que-cambio-el-ciclismo\/\" \/>\n<meta property=\"og:site_name\" content=\"Jorge Matesanz\" \/>\n<meta property=\"article:published_time\" content=\"2026-03-12T05:00:00+00:00\" \/>\n<meta property=\"og:image\" content=\"https:\/\/www.jmatesanz.com\/wp-content\/uploads\/2026\/03\/andrei-kivilev.jpg\" \/>\n\t<meta property=\"og:image:width\" content=\"1920\" \/>\n\t<meta property=\"og:image:height\" content=\"1080\" \/>\n\t<meta property=\"og:image:type\" content=\"image\/jpeg\" \/>\n<meta name=\"author\" content=\"Jorge Matesanz\" \/>\n<meta name=\"twitter:card\" content=\"summary_large_image\" \/>\n<meta name=\"twitter:label1\" content=\"Escrito por\" \/>\n\t<meta name=\"twitter:data1\" content=\"Jorge Matesanz\" \/>\n\t<meta name=\"twitter:label2\" content=\"Tiempo de lectura\" \/>\n\t<meta name=\"twitter:data2\" content=\"5 minutos\" \/>\n<script type=\"application\/ld+json\" class=\"yoast-schema-graph\">{\"@context\":\"https:\\\/\\\/schema.org\",\"@graph\":[{\"@type\":\"Article\",\"@id\":\"https:\\\/\\\/www.jmatesanz.com\\\/index.php\\\/2026\\\/03\\\/12\\\/andrei-kivilev-la-muerte-que-cambio-el-ciclismo\\\/#article\",\"isPartOf\":{\"@id\":\"https:\\\/\\\/www.jmatesanz.com\\\/index.php\\\/2026\\\/03\\\/12\\\/andrei-kivilev-la-muerte-que-cambio-el-ciclismo\\\/\"},\"author\":{\"name\":\"Jorge Matesanz\",\"@id\":\"https:\\\/\\\/www.jmatesanz.com\\\/#\\\/schema\\\/person\\\/31889a4ed689fe34fdda08b7a6fa2bdb\"},\"headline\":\"Andrei Kivilev: la muerte que cambi\u00f3 el ciclismo\",\"datePublished\":\"2026-03-12T05:00:00+00:00\",\"mainEntityOfPage\":{\"@id\":\"https:\\\/\\\/www.jmatesanz.com\\\/index.php\\\/2026\\\/03\\\/12\\\/andrei-kivilev-la-muerte-que-cambio-el-ciclismo\\\/\"},\"wordCount\":1021,\"commentCount\":0,\"publisher\":{\"@id\":\"https:\\\/\\\/www.jmatesanz.com\\\/#organization\"},\"image\":{\"@id\":\"https:\\\/\\\/www.jmatesanz.com\\\/index.php\\\/2026\\\/03\\\/12\\\/andrei-kivilev-la-muerte-que-cambio-el-ciclismo\\\/#primaryimage\"},\"thumbnailUrl\":\"https:\\\/\\\/www.jmatesanz.com\\\/wp-content\\\/uploads\\\/2026\\\/03\\\/andrei-kivilev.jpg\",\"keywords\":[\"2003\",\"andrei kivilev\",\"caida\",\"casco\",\"cofidis\",\"kazajstan\",\"paris niza\"],\"articleSection\":[\"Art\u00edculos\"],\"inLanguage\":\"es\",\"potentialAction\":[{\"@type\":\"CommentAction\",\"name\":\"Comment\",\"target\":[\"https:\\\/\\\/www.jmatesanz.com\\\/index.php\\\/2026\\\/03\\\/12\\\/andrei-kivilev-la-muerte-que-cambio-el-ciclismo\\\/#respond\"]}]},{\"@type\":\"WebPage\",\"@id\":\"https:\\\/\\\/www.jmatesanz.com\\\/index.php\\\/2026\\\/03\\\/12\\\/andrei-kivilev-la-muerte-que-cambio-el-ciclismo\\\/\",\"url\":\"https:\\\/\\\/www.jmatesanz.com\\\/index.php\\\/2026\\\/03\\\/12\\\/andrei-kivilev-la-muerte-que-cambio-el-ciclismo\\\/\",\"name\":\"Andrei Kivilev: la muerte que cambi\u00f3 el ciclismo - Jorge Matesanz\",\"isPartOf\":{\"@id\":\"https:\\\/\\\/www.jmatesanz.com\\\/#website\"},\"primaryImageOfPage\":{\"@id\":\"https:\\\/\\\/www.jmatesanz.com\\\/index.php\\\/2026\\\/03\\\/12\\\/andrei-kivilev-la-muerte-que-cambio-el-ciclismo\\\/#primaryimage\"},\"image\":{\"@id\":\"https:\\\/\\\/www.jmatesanz.com\\\/index.php\\\/2026\\\/03\\\/12\\\/andrei-kivilev-la-muerte-que-cambio-el-ciclismo\\\/#primaryimage\"},\"thumbnailUrl\":\"https:\\\/\\\/www.jmatesanz.com\\\/wp-content\\\/uploads\\\/2026\\\/03\\\/andrei-kivilev.jpg\",\"datePublished\":\"2026-03-12T05:00:00+00:00\",\"breadcrumb\":{\"@id\":\"https:\\\/\\\/www.jmatesanz.com\\\/index.php\\\/2026\\\/03\\\/12\\\/andrei-kivilev-la-muerte-que-cambio-el-ciclismo\\\/#breadcrumb\"},\"inLanguage\":\"es\",\"potentialAction\":[{\"@type\":\"ReadAction\",\"target\":[\"https:\\\/\\\/www.jmatesanz.com\\\/index.php\\\/2026\\\/03\\\/12\\\/andrei-kivilev-la-muerte-que-cambio-el-ciclismo\\\/\"]}]},{\"@type\":\"ImageObject\",\"inLanguage\":\"es\",\"@id\":\"https:\\\/\\\/www.jmatesanz.com\\\/index.php\\\/2026\\\/03\\\/12\\\/andrei-kivilev-la-muerte-que-cambio-el-ciclismo\\\/#primaryimage\",\"url\":\"https:\\\/\\\/www.jmatesanz.com\\\/wp-content\\\/uploads\\\/2026\\\/03\\\/andrei-kivilev.jpg\",\"contentUrl\":\"https:\\\/\\\/www.jmatesanz.com\\\/wp-content\\\/uploads\\\/2026\\\/03\\\/andrei-kivilev.jpg\",\"width\":1920,\"height\":1080},{\"@type\":\"BreadcrumbList\",\"@id\":\"https:\\\/\\\/www.jmatesanz.com\\\/index.php\\\/2026\\\/03\\\/12\\\/andrei-kivilev-la-muerte-que-cambio-el-ciclismo\\\/#breadcrumb\",\"itemListElement\":[{\"@type\":\"ListItem\",\"position\":1,\"name\":\"Portada\",\"item\":\"https:\\\/\\\/www.jmatesanz.com\\\/\"},{\"@type\":\"ListItem\",\"position\":2,\"name\":\"Andrei Kivilev: la muerte que cambi\u00f3 el ciclismo\"}]},{\"@type\":\"WebSite\",\"@id\":\"https:\\\/\\\/www.jmatesanz.com\\\/#website\",\"url\":\"https:\\\/\\\/www.jmatesanz.com\\\/\",\"name\":\"Jorge Matesanz\",\"description\":\"Mi ciclismo, mis opiniones, mis visiones, mis mundos\",\"publisher\":{\"@id\":\"https:\\\/\\\/www.jmatesanz.com\\\/#organization\"},\"potentialAction\":[{\"@type\":\"SearchAction\",\"target\":{\"@type\":\"EntryPoint\",\"urlTemplate\":\"https:\\\/\\\/www.jmatesanz.com\\\/?s={search_term_string}\"},\"query-input\":{\"@type\":\"PropertyValueSpecification\",\"valueRequired\":true,\"valueName\":\"search_term_string\"}}],\"inLanguage\":\"es\"},{\"@type\":\"Organization\",\"@id\":\"https:\\\/\\\/www.jmatesanz.com\\\/#organization\",\"name\":\"Jorge Matesanz\",\"url\":\"https:\\\/\\\/www.jmatesanz.com\\\/\",\"logo\":{\"@type\":\"ImageObject\",\"inLanguage\":\"es\",\"@id\":\"https:\\\/\\\/www.jmatesanz.com\\\/#\\\/schema\\\/logo\\\/image\\\/\",\"url\":\"https:\\\/\\\/www.jmatesanz.com\\\/wp-content\\\/uploads\\\/2025\\\/11\\\/cropped-cropped-cropped-LOGO_JORGE_MATESANZ_WEB.png\",\"contentUrl\":\"https:\\\/\\\/www.jmatesanz.com\\\/wp-content\\\/uploads\\\/2025\\\/11\\\/cropped-cropped-cropped-LOGO_JORGE_MATESANZ_WEB.png\",\"width\":500,\"height\":500,\"caption\":\"Jorge Matesanz\"},\"image\":{\"@id\":\"https:\\\/\\\/www.jmatesanz.com\\\/#\\\/schema\\\/logo\\\/image\\\/\"}},{\"@type\":\"Person\",\"@id\":\"https:\\\/\\\/www.jmatesanz.com\\\/#\\\/schema\\\/person\\\/31889a4ed689fe34fdda08b7a6fa2bdb\",\"name\":\"Jorge Matesanz\",\"image\":{\"@type\":\"ImageObject\",\"inLanguage\":\"es\",\"@id\":\"https:\\\/\\\/secure.gravatar.com\\\/avatar\\\/98c9e6a0a73a0299f2727febb12e61d8324aba2bee0e8c0a8e36be01c5bdcc0b?s=96&d=mm&r=g\",\"url\":\"https:\\\/\\\/secure.gravatar.com\\\/avatar\\\/98c9e6a0a73a0299f2727febb12e61d8324aba2bee0e8c0a8e36be01c5bdcc0b?s=96&d=mm&r=g\",\"contentUrl\":\"https:\\\/\\\/secure.gravatar.com\\\/avatar\\\/98c9e6a0a73a0299f2727febb12e61d8324aba2bee0e8c0a8e36be01c5bdcc0b?s=96&d=mm&r=g\",\"caption\":\"Jorge Matesanz\"},\"url\":\"https:\\\/\\\/www.jmatesanz.com\\\/index.php\\\/author\\\/jmatesanz\\\/\"}]}<\/script>\n<!-- \/ Yoast SEO plugin. -->","yoast_head_json":{"title":"Andrei Kivilev: la muerte que cambi\u00f3 el ciclismo - Jorge Matesanz","robots":{"index":"index","follow":"follow","max-snippet":"max-snippet:-1","max-image-preview":"max-image-preview:large","max-video-preview":"max-video-preview:-1"},"canonical":"https:\/\/www.jmatesanz.com\/index.php\/2026\/03\/12\/andrei-kivilev-la-muerte-que-cambio-el-ciclismo\/","og_locale":"es_ES","og_type":"article","og_title":"Andrei Kivilev: la muerte que cambi\u00f3 el ciclismo - Jorge Matesanz","og_description":"12 de marzo de 2003, d\u00eda en el que la Par\u00eds Niza sufri\u00f3 un desgraciado accidente que terminar\u00eda con la vida del ciclista kazajo&nbsp;Andrei Kivilev, corredor del Cofidis franc\u00e9s y que hab\u00eda ganado gran fama entre los aficionados por varias actuaciones sobre la bicicleta, pero en especial la que le llev\u00f3 a ser cuarto clasificado [&hellip;]","og_url":"https:\/\/www.jmatesanz.com\/index.php\/2026\/03\/12\/andrei-kivilev-la-muerte-que-cambio-el-ciclismo\/","og_site_name":"Jorge Matesanz","article_published_time":"2026-03-12T05:00:00+00:00","og_image":[{"width":1920,"height":1080,"url":"https:\/\/www.jmatesanz.com\/wp-content\/uploads\/2026\/03\/andrei-kivilev.jpg","type":"image\/jpeg"}],"author":"Jorge Matesanz","twitter_card":"summary_large_image","twitter_misc":{"Escrito por":"Jorge Matesanz","Tiempo de lectura":"5 minutos"},"schema":{"@context":"https:\/\/schema.org","@graph":[{"@type":"Article","@id":"https:\/\/www.jmatesanz.com\/index.php\/2026\/03\/12\/andrei-kivilev-la-muerte-que-cambio-el-ciclismo\/#article","isPartOf":{"@id":"https:\/\/www.jmatesanz.com\/index.php\/2026\/03\/12\/andrei-kivilev-la-muerte-que-cambio-el-ciclismo\/"},"author":{"name":"Jorge Matesanz","@id":"https:\/\/www.jmatesanz.com\/#\/schema\/person\/31889a4ed689fe34fdda08b7a6fa2bdb"},"headline":"Andrei Kivilev: la muerte que cambi\u00f3 el ciclismo","datePublished":"2026-03-12T05:00:00+00:00","mainEntityOfPage":{"@id":"https:\/\/www.jmatesanz.com\/index.php\/2026\/03\/12\/andrei-kivilev-la-muerte-que-cambio-el-ciclismo\/"},"wordCount":1021,"commentCount":0,"publisher":{"@id":"https:\/\/www.jmatesanz.com\/#organization"},"image":{"@id":"https:\/\/www.jmatesanz.com\/index.php\/2026\/03\/12\/andrei-kivilev-la-muerte-que-cambio-el-ciclismo\/#primaryimage"},"thumbnailUrl":"https:\/\/www.jmatesanz.com\/wp-content\/uploads\/2026\/03\/andrei-kivilev.jpg","keywords":["2003","andrei kivilev","caida","casco","cofidis","kazajstan","paris niza"],"articleSection":["Art\u00edculos"],"inLanguage":"es","potentialAction":[{"@type":"CommentAction","name":"Comment","target":["https:\/\/www.jmatesanz.com\/index.php\/2026\/03\/12\/andrei-kivilev-la-muerte-que-cambio-el-ciclismo\/#respond"]}]},{"@type":"WebPage","@id":"https:\/\/www.jmatesanz.com\/index.php\/2026\/03\/12\/andrei-kivilev-la-muerte-que-cambio-el-ciclismo\/","url":"https:\/\/www.jmatesanz.com\/index.php\/2026\/03\/12\/andrei-kivilev-la-muerte-que-cambio-el-ciclismo\/","name":"Andrei Kivilev: la muerte que cambi\u00f3 el ciclismo - Jorge Matesanz","isPartOf":{"@id":"https:\/\/www.jmatesanz.com\/#website"},"primaryImageOfPage":{"@id":"https:\/\/www.jmatesanz.com\/index.php\/2026\/03\/12\/andrei-kivilev-la-muerte-que-cambio-el-ciclismo\/#primaryimage"},"image":{"@id":"https:\/\/www.jmatesanz.com\/index.php\/2026\/03\/12\/andrei-kivilev-la-muerte-que-cambio-el-ciclismo\/#primaryimage"},"thumbnailUrl":"https:\/\/www.jmatesanz.com\/wp-content\/uploads\/2026\/03\/andrei-kivilev.jpg","datePublished":"2026-03-12T05:00:00+00:00","breadcrumb":{"@id":"https:\/\/www.jmatesanz.com\/index.php\/2026\/03\/12\/andrei-kivilev-la-muerte-que-cambio-el-ciclismo\/#breadcrumb"},"inLanguage":"es","potentialAction":[{"@type":"ReadAction","target":["https:\/\/www.jmatesanz.com\/index.php\/2026\/03\/12\/andrei-kivilev-la-muerte-que-cambio-el-ciclismo\/"]}]},{"@type":"ImageObject","inLanguage":"es","@id":"https:\/\/www.jmatesanz.com\/index.php\/2026\/03\/12\/andrei-kivilev-la-muerte-que-cambio-el-ciclismo\/#primaryimage","url":"https:\/\/www.jmatesanz.com\/wp-content\/uploads\/2026\/03\/andrei-kivilev.jpg","contentUrl":"https:\/\/www.jmatesanz.com\/wp-content\/uploads\/2026\/03\/andrei-kivilev.jpg","width":1920,"height":1080},{"@type":"BreadcrumbList","@id":"https:\/\/www.jmatesanz.com\/index.php\/2026\/03\/12\/andrei-kivilev-la-muerte-que-cambio-el-ciclismo\/#breadcrumb","itemListElement":[{"@type":"ListItem","position":1,"name":"Portada","item":"https:\/\/www.jmatesanz.com\/"},{"@type":"ListItem","position":2,"name":"Andrei Kivilev: la muerte que cambi\u00f3 el ciclismo"}]},{"@type":"WebSite","@id":"https:\/\/www.jmatesanz.com\/#website","url":"https:\/\/www.jmatesanz.com\/","name":"Jorge Matesanz","description":"Mi ciclismo, mis opiniones, mis visiones, mis mundos","publisher":{"@id":"https:\/\/www.jmatesanz.com\/#organization"},"potentialAction":[{"@type":"SearchAction","target":{"@type":"EntryPoint","urlTemplate":"https:\/\/www.jmatesanz.com\/?s={search_term_string}"},"query-input":{"@type":"PropertyValueSpecification","valueRequired":true,"valueName":"search_term_string"}}],"inLanguage":"es"},{"@type":"Organization","@id":"https:\/\/www.jmatesanz.com\/#organization","name":"Jorge Matesanz","url":"https:\/\/www.jmatesanz.com\/","logo":{"@type":"ImageObject","inLanguage":"es","@id":"https:\/\/www.jmatesanz.com\/#\/schema\/logo\/image\/","url":"https:\/\/www.jmatesanz.com\/wp-content\/uploads\/2025\/11\/cropped-cropped-cropped-LOGO_JORGE_MATESANZ_WEB.png","contentUrl":"https:\/\/www.jmatesanz.com\/wp-content\/uploads\/2025\/11\/cropped-cropped-cropped-LOGO_JORGE_MATESANZ_WEB.png","width":500,"height":500,"caption":"Jorge Matesanz"},"image":{"@id":"https:\/\/www.jmatesanz.com\/#\/schema\/logo\/image\/"}},{"@type":"Person","@id":"https:\/\/www.jmatesanz.com\/#\/schema\/person\/31889a4ed689fe34fdda08b7a6fa2bdb","name":"Jorge Matesanz","image":{"@type":"ImageObject","inLanguage":"es","@id":"https:\/\/secure.gravatar.com\/avatar\/98c9e6a0a73a0299f2727febb12e61d8324aba2bee0e8c0a8e36be01c5bdcc0b?s=96&d=mm&r=g","url":"https:\/\/secure.gravatar.com\/avatar\/98c9e6a0a73a0299f2727febb12e61d8324aba2bee0e8c0a8e36be01c5bdcc0b?s=96&d=mm&r=g","contentUrl":"https:\/\/secure.gravatar.com\/avatar\/98c9e6a0a73a0299f2727febb12e61d8324aba2bee0e8c0a8e36be01c5bdcc0b?s=96&d=mm&r=g","caption":"Jorge Matesanz"},"url":"https:\/\/www.jmatesanz.com\/index.php\/author\/jmatesanz\/"}]}},"_links":{"self":[{"href":"https:\/\/www.jmatesanz.com\/index.php\/wp-json\/wp\/v2\/posts\/1087","targetHints":{"allow":["GET"]}}],"collection":[{"href":"https:\/\/www.jmatesanz.com\/index.php\/wp-json\/wp\/v2\/posts"}],"about":[{"href":"https:\/\/www.jmatesanz.com\/index.php\/wp-json\/wp\/v2\/types\/post"}],"author":[{"embeddable":true,"href":"https:\/\/www.jmatesanz.com\/index.php\/wp-json\/wp\/v2\/users\/2"}],"replies":[{"embeddable":true,"href":"https:\/\/www.jmatesanz.com\/index.php\/wp-json\/wp\/v2\/comments?post=1087"}],"version-history":[{"count":2,"href":"https:\/\/www.jmatesanz.com\/index.php\/wp-json\/wp\/v2\/posts\/1087\/revisions"}],"predecessor-version":[{"id":1564,"href":"https:\/\/www.jmatesanz.com\/index.php\/wp-json\/wp\/v2\/posts\/1087\/revisions\/1564"}],"wp:featuredmedia":[{"embeddable":true,"href":"https:\/\/www.jmatesanz.com\/index.php\/wp-json\/wp\/v2\/media\/1562"}],"wp:attachment":[{"href":"https:\/\/www.jmatesanz.com\/index.php\/wp-json\/wp\/v2\/media?parent=1087"}],"wp:term":[{"taxonomy":"category","embeddable":true,"href":"https:\/\/www.jmatesanz.com\/index.php\/wp-json\/wp\/v2\/categories?post=1087"},{"taxonomy":"post_tag","embeddable":true,"href":"https:\/\/www.jmatesanz.com\/index.php\/wp-json\/wp\/v2\/tags?post=1087"}],"curies":[{"name":"wp","href":"https:\/\/api.w.org\/{rel}","templated":true}]}}