{"id":1193,"date":"2026-03-14T06:00:00","date_gmt":"2026-03-14T05:00:00","guid":{"rendered":"https:\/\/www.jmatesanz.com\/?p=1193"},"modified":"2026-03-12T11:12:11","modified_gmt":"2026-03-12T10:12:11","slug":"marco-pantani-mi-escalador-favorito","status":"publish","type":"post","link":"https:\/\/www.jmatesanz.com\/index.php\/2026\/03\/14\/marco-pantani-mi-escalador-favorito\/","title":{"rendered":"Marco Pantani, mi escalador favorito"},"content":{"rendered":"\n<p style=\"text-align: justify;\">Hablar de un ciclista cuyo prime data de los \u00faltimos noventa no habla bien de la edad de uno. El Pantani crepuscular tambi\u00e9n tuvo su encanto, pero la \u00e9poca de esplendor de este m\u00edtico escalador italiano ha sido de lo \u00faltimo en trascender al ciclismo. Casi cualquier persona que siguiera m\u00ednimamente el deporte sab\u00eda qui\u00e9n era ese calvo que escalaba monta\u00f1as a toda pastilla. Marco fue una estrella en las \u00e9pocas de m\u00e1ximo esplendor del ciclismo, si bien, como es conocido, su figura qued\u00f3 un tanto ensombrecida para muchos por todos esos temas relacionados con el dopaje.<\/p>\n\n<p style=\"text-align: justify;\">Su fallecimiento le encumbr\u00f3 a\u00fan m\u00e1s a la categor\u00eda de mito, algo bastante habitual con quienes nos dejan a tan temprana edad. Pero en el caso del transalpino hab\u00eda justificaci\u00f3n. Y es que &#8216;el Pirata&#8217; hab\u00eda llegado a mucha gente por su forma de correr. Siempre irreverente, siempre al ataque. Era de esos corredores que eran un seguro de espect\u00e1culo, porque estando en el pelot\u00f3n y asom\u00e1ndose a las cuestas todos \u00e9ramos conocedores de que algo iba a pasar. Y pasaba. Despu\u00e9s ganaba o perd\u00eda, pero quien de verdad sal\u00eda victorioso de esos duelos era el espectador.<\/p>\n\n<p style=\"text-align: justify;\">En su \u00e9poca, las contrarrelojes marcaban demasiado las grandes vueltas. Los escaladores como \u00e9l ten\u00edan que ingeni\u00e1rselas para encontrar oro. En la actualidad, las llegadas en alto y las monta\u00f1as son parte mayoritaria de los recorridos. Entonces, por contra, abundaba el llano y los kil\u00f3metros en solitario contra el viento y el reloj. Las manecillas pasaban demasiado deprisa para ellos, los m\u00e1s escu\u00e1lidos, y se cobraban venganza cuando los puertos hac\u00edan acto de presencia. Eso s\u00ed, querer no era sin\u00f3nimo de poder ni poder sin\u00f3nimo de querer. Algunos reservaban para buscar fortuna en el \u00faltimo momento, cuando el riesgo era menor. Pantani citaba desde lejos, como los grandes.<\/p>\n\n<figure style=\"text-align: justify;\"><img decoding=\"async\" style=\"width: 813px; height: auto;\" src=\"https:\/\/www.jmatesanz.com\/wp-content\/uploads\/2026\/03\/pantani-aix-les-bains.jpeg\" alt=\"\" \/><\/figure>\n\n<p style=\"text-align: justify;\">A\u00fan se recuerdan los ataques como el de La Marmolada en 1998, <a title=\"\" href=\"https:\/\/joanseguidor.com\/marco-pantani-galibier\/\" target=\"_blank\" rel=\"noopener\">el del Galibier<\/a> durante ese mismo verano, el de La Fauniera en la \u00fanica ascensi\u00f3n a tan magn\u00edfica monta\u00f1a. O los tantos y tantos retos a ciclistas de gran talla como Jan Ullrich, Lance Armstrong y compa\u00f1\u00eda. Era sencillamente espectacular. La forma de escalar era \u00fanica. Y el modo en el que &#8216;achicharraba&#8217; a sus contrarios una delicia, aunque sus rivales opinar\u00e1n de forma distinta. Marco, en cambio, naci\u00f3 en el Mortirolo, en aquel Giro de 1994 donde acab\u00f3 con las opciones de Indur\u00e1in. Es m\u00e1s, en su \u00e9poca de reinado, fue el \u00fanico capaz de hacerle hincar la rodilla.<\/p>\n\n<p style=\"text-align: justify;\">Y, aunque no pudiese ganar, lanzaba la carrera. Si no ganaba \u00e9l, hac\u00eda perder a los dem\u00e1s. Que le pregunten a Armstrong por el Tour del 2000, una joya no suficientemente recordada. El americano no cay\u00f3, pero sufri\u00f3 tanto que la leyenda cuenta que hizo una llamada en carrera al doctor Ferrari, su m\u00e9dico. El italiano le transmiti\u00f3 tranquilidad y en el llano camino a la Joux Plane Pantani se disolvi\u00f3 como un azucarillo. El problema es que tambi\u00e9n el maillot amarillo del Tour. Como dec\u00eda: o ganaba \u00e9l o perd\u00edan los dem\u00e1s.<\/p>\n\n<p style=\"text-align: justify;\">Esas sensaciones de que algo iba a pasar suced\u00edan con \u00e9l y con muy pocos m\u00e1s. S\u00ed, con Pogacar, es evidente. Aunque en el caso del esloveno con much\u00edsima <a title=\"\" href=\"https:\/\/www.jmatesanz.com\/index.php\/2026\/03\/08\/tadej-pogacar-un-paseo-por-la-strade-bianche\/\" target=\"_blank\" rel=\"noopener\">menos emoci\u00f3n<\/a> porque se sabe qui\u00e9n va a ganar las carreras. Pantani no garantizaba el \u00e9xito, sino la trama. Adem\u00e1s, ten\u00eda una habilidad incre\u00edble para a\u00f1adir ciclistas a su causa.<\/p>\n\n<p style=\"text-align: justify;\">En sus grandes d\u00edas, nunca en solitario hasta los \u00faltimos kil\u00f3metros, han colaborado escaladores de todas las nacionalidades, pero todos de primer nivel: Escart\u00edn, Chava, Guerini, Gotti, Indur\u00e1in, <a title=\"\" href=\"https:\/\/www.jmatesanz.com\/index.php\/2024\/12\/26\/el-adios-a-pascal-herve\/\" target=\"_blank\" rel=\"noopener\">Herv\u00e9<\/a>&#8230; Desde entonces, s\u00f3lo Contador ha transmitido esa seguridad a la hora de dar espect\u00e1culo. Rara era la carrera donde el madrile\u00f1o no lanzase ataques para ganar. En caso de que ganar \u00e9l no fuese posible&#8230; que perdiesen los dem\u00e1s. Como Pantani.<\/p>\n\n<p style=\"text-align: justify;\"><strong><em>Fotos \u00a9 Sirotti<\/em><\/strong><\/p>\n\n<figure style=\"text-align: justify;\"><img decoding=\"async\" src=\"https:\/\/www.jmatesanz.com\/wp-content\/uploads\/2026\/01\/la-opinion-de-jorge-matesanz-1024x576.jpg\" alt=\"\" \/><\/figure>\n","protected":false},"excerpt":{"rendered":"<p>Hablar de un ciclista cuyo prime data de los \u00faltimos noventa no habla bien de la edad de uno. El Pantani crepuscular tambi\u00e9n tuvo su encanto, pero la \u00e9poca de esplendor de este m\u00edtico escalador italiano ha sido de lo \u00faltimo en trascender al ciclismo. Casi cualquier persona que siguiera m\u00ednimamente el deporte sab\u00eda qui\u00e9n [&hellip;]<\/p>\n","protected":false},"author":2,"featured_media":1602,"comment_status":"open","ping_status":"open","sticky":false,"template":"","format":"standard","meta":{"_monsterinsights_skip_tracking":false,"_monsterinsights_sitenote_active":false,"_monsterinsights_sitenote_note":"","_monsterinsights_sitenote_category":0,"footnotes":""},"categories":[38],"tags":[290,85,644,643,66,161,646,439,645,119],"class_list":["post-1193","post","type-post","status-publish","format-standard","has-post-thumbnail","hentry","category-articulos","tag-ciclismo-italiano","tag-escaladores","tag-fauniera","tag-galibier","tag-giro-italia","tag-historia","tag-joux-plane","tag-marco-pantani","tag-mortirolo","tag-tour-de-francia"],"yoast_head":"<!-- This site is optimized with the Yoast SEO plugin v27.3 - https:\/\/yoast.com\/product\/yoast-seo-wordpress\/ -->\n<title>Marco Pantani, mi escalador favorito - Jorge Matesanz<\/title>\n<meta name=\"robots\" content=\"index, follow, max-snippet:-1, max-image-preview:large, max-video-preview:-1\" \/>\n<link rel=\"canonical\" href=\"https:\/\/www.jmatesanz.com\/index.php\/2026\/03\/14\/marco-pantani-mi-escalador-favorito\/\" \/>\n<meta property=\"og:locale\" content=\"es_ES\" \/>\n<meta property=\"og:type\" content=\"article\" \/>\n<meta property=\"og:title\" content=\"Marco Pantani, mi escalador favorito - Jorge Matesanz\" \/>\n<meta property=\"og:description\" content=\"Hablar de un ciclista cuyo prime data de los \u00faltimos noventa no habla bien de la edad de uno. El Pantani crepuscular tambi\u00e9n tuvo su encanto, pero la \u00e9poca de esplendor de este m\u00edtico escalador italiano ha sido de lo \u00faltimo en trascender al ciclismo. Casi cualquier persona que siguiera m\u00ednimamente el deporte sab\u00eda qui\u00e9n [&hellip;]\" \/>\n<meta property=\"og:url\" content=\"https:\/\/www.jmatesanz.com\/index.php\/2026\/03\/14\/marco-pantani-mi-escalador-favorito\/\" \/>\n<meta property=\"og:site_name\" content=\"Jorge Matesanz\" \/>\n<meta property=\"article:published_time\" content=\"2026-03-14T05:00:00+00:00\" \/>\n<meta property=\"og:image\" content=\"https:\/\/www.jmatesanz.com\/wp-content\/uploads\/2026\/03\/Pantani-Tour-1995-Alpe-dHuez-1.jpg\" \/>\n\t<meta property=\"og:image:width\" content=\"1170\" \/>\n\t<meta property=\"og:image:height\" content=\"780\" \/>\n\t<meta property=\"og:image:type\" content=\"image\/jpeg\" \/>\n<meta name=\"author\" content=\"Jorge Matesanz\" \/>\n<meta name=\"twitter:card\" content=\"summary_large_image\" \/>\n<meta name=\"twitter:label1\" content=\"Escrito por\" \/>\n\t<meta name=\"twitter:data1\" content=\"Jorge Matesanz\" \/>\n\t<meta name=\"twitter:label2\" content=\"Tiempo de lectura\" \/>\n\t<meta name=\"twitter:data2\" content=\"3 minutos\" \/>\n<script type=\"application\/ld+json\" class=\"yoast-schema-graph\">{\"@context\":\"https:\\\/\\\/schema.org\",\"@graph\":[{\"@type\":\"Article\",\"@id\":\"https:\\\/\\\/www.jmatesanz.com\\\/index.php\\\/2026\\\/03\\\/14\\\/marco-pantani-mi-escalador-favorito\\\/#article\",\"isPartOf\":{\"@id\":\"https:\\\/\\\/www.jmatesanz.com\\\/index.php\\\/2026\\\/03\\\/14\\\/marco-pantani-mi-escalador-favorito\\\/\"},\"author\":{\"name\":\"Jorge Matesanz\",\"@id\":\"https:\\\/\\\/www.jmatesanz.com\\\/#\\\/schema\\\/person\\\/31889a4ed689fe34fdda08b7a6fa2bdb\"},\"headline\":\"Marco Pantani, mi escalador favorito\",\"datePublished\":\"2026-03-14T05:00:00+00:00\",\"mainEntityOfPage\":{\"@id\":\"https:\\\/\\\/www.jmatesanz.com\\\/index.php\\\/2026\\\/03\\\/14\\\/marco-pantani-mi-escalador-favorito\\\/\"},\"wordCount\":700,\"commentCount\":0,\"publisher\":{\"@id\":\"https:\\\/\\\/www.jmatesanz.com\\\/#organization\"},\"image\":{\"@id\":\"https:\\\/\\\/www.jmatesanz.com\\\/index.php\\\/2026\\\/03\\\/14\\\/marco-pantani-mi-escalador-favorito\\\/#primaryimage\"},\"thumbnailUrl\":\"https:\\\/\\\/www.jmatesanz.com\\\/wp-content\\\/uploads\\\/2026\\\/03\\\/Pantani-Tour-1995-Alpe-dHuez-1.jpg\",\"keywords\":[\"ciclismo italiano\",\"escaladores\",\"fauniera\",\"galibier\",\"giro italia\",\"historia\",\"joux plane\",\"marco pantani\",\"mortirolo\",\"tour de francia\"],\"articleSection\":[\"Art\u00edculos\"],\"inLanguage\":\"es\",\"potentialAction\":[{\"@type\":\"CommentAction\",\"name\":\"Comment\",\"target\":[\"https:\\\/\\\/www.jmatesanz.com\\\/index.php\\\/2026\\\/03\\\/14\\\/marco-pantani-mi-escalador-favorito\\\/#respond\"]}]},{\"@type\":\"WebPage\",\"@id\":\"https:\\\/\\\/www.jmatesanz.com\\\/index.php\\\/2026\\\/03\\\/14\\\/marco-pantani-mi-escalador-favorito\\\/\",\"url\":\"https:\\\/\\\/www.jmatesanz.com\\\/index.php\\\/2026\\\/03\\\/14\\\/marco-pantani-mi-escalador-favorito\\\/\",\"name\":\"Marco Pantani, mi escalador favorito - Jorge Matesanz\",\"isPartOf\":{\"@id\":\"https:\\\/\\\/www.jmatesanz.com\\\/#website\"},\"primaryImageOfPage\":{\"@id\":\"https:\\\/\\\/www.jmatesanz.com\\\/index.php\\\/2026\\\/03\\\/14\\\/marco-pantani-mi-escalador-favorito\\\/#primaryimage\"},\"image\":{\"@id\":\"https:\\\/\\\/www.jmatesanz.com\\\/index.php\\\/2026\\\/03\\\/14\\\/marco-pantani-mi-escalador-favorito\\\/#primaryimage\"},\"thumbnailUrl\":\"https:\\\/\\\/www.jmatesanz.com\\\/wp-content\\\/uploads\\\/2026\\\/03\\\/Pantani-Tour-1995-Alpe-dHuez-1.jpg\",\"datePublished\":\"2026-03-14T05:00:00+00:00\",\"breadcrumb\":{\"@id\":\"https:\\\/\\\/www.jmatesanz.com\\\/index.php\\\/2026\\\/03\\\/14\\\/marco-pantani-mi-escalador-favorito\\\/#breadcrumb\"},\"inLanguage\":\"es\",\"potentialAction\":[{\"@type\":\"ReadAction\",\"target\":[\"https:\\\/\\\/www.jmatesanz.com\\\/index.php\\\/2026\\\/03\\\/14\\\/marco-pantani-mi-escalador-favorito\\\/\"]}]},{\"@type\":\"ImageObject\",\"inLanguage\":\"es\",\"@id\":\"https:\\\/\\\/www.jmatesanz.com\\\/index.php\\\/2026\\\/03\\\/14\\\/marco-pantani-mi-escalador-favorito\\\/#primaryimage\",\"url\":\"https:\\\/\\\/www.jmatesanz.com\\\/wp-content\\\/uploads\\\/2026\\\/03\\\/Pantani-Tour-1995-Alpe-dHuez-1.jpg\",\"contentUrl\":\"https:\\\/\\\/www.jmatesanz.com\\\/wp-content\\\/uploads\\\/2026\\\/03\\\/Pantani-Tour-1995-Alpe-dHuez-1.jpg\",\"width\":1170,\"height\":780,\"caption\":\"1995, Tour de France, tappa 10 Aime la Plagne - L'Alpe d'Huez, Carrera Tassoni, Pantani Marco, L'Alpe d'Huez\"},{\"@type\":\"BreadcrumbList\",\"@id\":\"https:\\\/\\\/www.jmatesanz.com\\\/index.php\\\/2026\\\/03\\\/14\\\/marco-pantani-mi-escalador-favorito\\\/#breadcrumb\",\"itemListElement\":[{\"@type\":\"ListItem\",\"position\":1,\"name\":\"Portada\",\"item\":\"https:\\\/\\\/www.jmatesanz.com\\\/\"},{\"@type\":\"ListItem\",\"position\":2,\"name\":\"Marco Pantani, mi escalador favorito\"}]},{\"@type\":\"WebSite\",\"@id\":\"https:\\\/\\\/www.jmatesanz.com\\\/#website\",\"url\":\"https:\\\/\\\/www.jmatesanz.com\\\/\",\"name\":\"Jorge Matesanz\",\"description\":\"Mi ciclismo, mis opiniones, mis visiones, mis mundos\",\"publisher\":{\"@id\":\"https:\\\/\\\/www.jmatesanz.com\\\/#organization\"},\"potentialAction\":[{\"@type\":\"SearchAction\",\"target\":{\"@type\":\"EntryPoint\",\"urlTemplate\":\"https:\\\/\\\/www.jmatesanz.com\\\/?s={search_term_string}\"},\"query-input\":{\"@type\":\"PropertyValueSpecification\",\"valueRequired\":true,\"valueName\":\"search_term_string\"}}],\"inLanguage\":\"es\"},{\"@type\":\"Organization\",\"@id\":\"https:\\\/\\\/www.jmatesanz.com\\\/#organization\",\"name\":\"Jorge Matesanz\",\"url\":\"https:\\\/\\\/www.jmatesanz.com\\\/\",\"logo\":{\"@type\":\"ImageObject\",\"inLanguage\":\"es\",\"@id\":\"https:\\\/\\\/www.jmatesanz.com\\\/#\\\/schema\\\/logo\\\/image\\\/\",\"url\":\"https:\\\/\\\/www.jmatesanz.com\\\/wp-content\\\/uploads\\\/2025\\\/11\\\/cropped-cropped-cropped-LOGO_JORGE_MATESANZ_WEB.png\",\"contentUrl\":\"https:\\\/\\\/www.jmatesanz.com\\\/wp-content\\\/uploads\\\/2025\\\/11\\\/cropped-cropped-cropped-LOGO_JORGE_MATESANZ_WEB.png\",\"width\":500,\"height\":500,\"caption\":\"Jorge Matesanz\"},\"image\":{\"@id\":\"https:\\\/\\\/www.jmatesanz.com\\\/#\\\/schema\\\/logo\\\/image\\\/\"}},{\"@type\":\"Person\",\"@id\":\"https:\\\/\\\/www.jmatesanz.com\\\/#\\\/schema\\\/person\\\/31889a4ed689fe34fdda08b7a6fa2bdb\",\"name\":\"Jorge Matesanz\",\"image\":{\"@type\":\"ImageObject\",\"inLanguage\":\"es\",\"@id\":\"https:\\\/\\\/secure.gravatar.com\\\/avatar\\\/98c9e6a0a73a0299f2727febb12e61d8324aba2bee0e8c0a8e36be01c5bdcc0b?s=96&d=mm&r=g\",\"url\":\"https:\\\/\\\/secure.gravatar.com\\\/avatar\\\/98c9e6a0a73a0299f2727febb12e61d8324aba2bee0e8c0a8e36be01c5bdcc0b?s=96&d=mm&r=g\",\"contentUrl\":\"https:\\\/\\\/secure.gravatar.com\\\/avatar\\\/98c9e6a0a73a0299f2727febb12e61d8324aba2bee0e8c0a8e36be01c5bdcc0b?s=96&d=mm&r=g\",\"caption\":\"Jorge Matesanz\"},\"url\":\"https:\\\/\\\/www.jmatesanz.com\\\/index.php\\\/author\\\/jmatesanz\\\/\"}]}<\/script>\n<!-- \/ Yoast SEO plugin. -->","yoast_head_json":{"title":"Marco Pantani, mi escalador favorito - Jorge Matesanz","robots":{"index":"index","follow":"follow","max-snippet":"max-snippet:-1","max-image-preview":"max-image-preview:large","max-video-preview":"max-video-preview:-1"},"canonical":"https:\/\/www.jmatesanz.com\/index.php\/2026\/03\/14\/marco-pantani-mi-escalador-favorito\/","og_locale":"es_ES","og_type":"article","og_title":"Marco Pantani, mi escalador favorito - Jorge Matesanz","og_description":"Hablar de un ciclista cuyo prime data de los \u00faltimos noventa no habla bien de la edad de uno. El Pantani crepuscular tambi\u00e9n tuvo su encanto, pero la \u00e9poca de esplendor de este m\u00edtico escalador italiano ha sido de lo \u00faltimo en trascender al ciclismo. Casi cualquier persona que siguiera m\u00ednimamente el deporte sab\u00eda qui\u00e9n [&hellip;]","og_url":"https:\/\/www.jmatesanz.com\/index.php\/2026\/03\/14\/marco-pantani-mi-escalador-favorito\/","og_site_name":"Jorge Matesanz","article_published_time":"2026-03-14T05:00:00+00:00","og_image":[{"width":1170,"height":780,"url":"https:\/\/www.jmatesanz.com\/wp-content\/uploads\/2026\/03\/Pantani-Tour-1995-Alpe-dHuez-1.jpg","type":"image\/jpeg"}],"author":"Jorge Matesanz","twitter_card":"summary_large_image","twitter_misc":{"Escrito por":"Jorge Matesanz","Tiempo de lectura":"3 minutos"},"schema":{"@context":"https:\/\/schema.org","@graph":[{"@type":"Article","@id":"https:\/\/www.jmatesanz.com\/index.php\/2026\/03\/14\/marco-pantani-mi-escalador-favorito\/#article","isPartOf":{"@id":"https:\/\/www.jmatesanz.com\/index.php\/2026\/03\/14\/marco-pantani-mi-escalador-favorito\/"},"author":{"name":"Jorge Matesanz","@id":"https:\/\/www.jmatesanz.com\/#\/schema\/person\/31889a4ed689fe34fdda08b7a6fa2bdb"},"headline":"Marco Pantani, mi escalador favorito","datePublished":"2026-03-14T05:00:00+00:00","mainEntityOfPage":{"@id":"https:\/\/www.jmatesanz.com\/index.php\/2026\/03\/14\/marco-pantani-mi-escalador-favorito\/"},"wordCount":700,"commentCount":0,"publisher":{"@id":"https:\/\/www.jmatesanz.com\/#organization"},"image":{"@id":"https:\/\/www.jmatesanz.com\/index.php\/2026\/03\/14\/marco-pantani-mi-escalador-favorito\/#primaryimage"},"thumbnailUrl":"https:\/\/www.jmatesanz.com\/wp-content\/uploads\/2026\/03\/Pantani-Tour-1995-Alpe-dHuez-1.jpg","keywords":["ciclismo italiano","escaladores","fauniera","galibier","giro italia","historia","joux plane","marco pantani","mortirolo","tour de francia"],"articleSection":["Art\u00edculos"],"inLanguage":"es","potentialAction":[{"@type":"CommentAction","name":"Comment","target":["https:\/\/www.jmatesanz.com\/index.php\/2026\/03\/14\/marco-pantani-mi-escalador-favorito\/#respond"]}]},{"@type":"WebPage","@id":"https:\/\/www.jmatesanz.com\/index.php\/2026\/03\/14\/marco-pantani-mi-escalador-favorito\/","url":"https:\/\/www.jmatesanz.com\/index.php\/2026\/03\/14\/marco-pantani-mi-escalador-favorito\/","name":"Marco Pantani, mi escalador favorito - Jorge Matesanz","isPartOf":{"@id":"https:\/\/www.jmatesanz.com\/#website"},"primaryImageOfPage":{"@id":"https:\/\/www.jmatesanz.com\/index.php\/2026\/03\/14\/marco-pantani-mi-escalador-favorito\/#primaryimage"},"image":{"@id":"https:\/\/www.jmatesanz.com\/index.php\/2026\/03\/14\/marco-pantani-mi-escalador-favorito\/#primaryimage"},"thumbnailUrl":"https:\/\/www.jmatesanz.com\/wp-content\/uploads\/2026\/03\/Pantani-Tour-1995-Alpe-dHuez-1.jpg","datePublished":"2026-03-14T05:00:00+00:00","breadcrumb":{"@id":"https:\/\/www.jmatesanz.com\/index.php\/2026\/03\/14\/marco-pantani-mi-escalador-favorito\/#breadcrumb"},"inLanguage":"es","potentialAction":[{"@type":"ReadAction","target":["https:\/\/www.jmatesanz.com\/index.php\/2026\/03\/14\/marco-pantani-mi-escalador-favorito\/"]}]},{"@type":"ImageObject","inLanguage":"es","@id":"https:\/\/www.jmatesanz.com\/index.php\/2026\/03\/14\/marco-pantani-mi-escalador-favorito\/#primaryimage","url":"https:\/\/www.jmatesanz.com\/wp-content\/uploads\/2026\/03\/Pantani-Tour-1995-Alpe-dHuez-1.jpg","contentUrl":"https:\/\/www.jmatesanz.com\/wp-content\/uploads\/2026\/03\/Pantani-Tour-1995-Alpe-dHuez-1.jpg","width":1170,"height":780,"caption":"1995, Tour de France, tappa 10 Aime la Plagne - L'Alpe d'Huez, Carrera Tassoni, Pantani Marco, L'Alpe d'Huez"},{"@type":"BreadcrumbList","@id":"https:\/\/www.jmatesanz.com\/index.php\/2026\/03\/14\/marco-pantani-mi-escalador-favorito\/#breadcrumb","itemListElement":[{"@type":"ListItem","position":1,"name":"Portada","item":"https:\/\/www.jmatesanz.com\/"},{"@type":"ListItem","position":2,"name":"Marco Pantani, mi escalador favorito"}]},{"@type":"WebSite","@id":"https:\/\/www.jmatesanz.com\/#website","url":"https:\/\/www.jmatesanz.com\/","name":"Jorge Matesanz","description":"Mi ciclismo, mis opiniones, mis visiones, mis mundos","publisher":{"@id":"https:\/\/www.jmatesanz.com\/#organization"},"potentialAction":[{"@type":"SearchAction","target":{"@type":"EntryPoint","urlTemplate":"https:\/\/www.jmatesanz.com\/?s={search_term_string}"},"query-input":{"@type":"PropertyValueSpecification","valueRequired":true,"valueName":"search_term_string"}}],"inLanguage":"es"},{"@type":"Organization","@id":"https:\/\/www.jmatesanz.com\/#organization","name":"Jorge Matesanz","url":"https:\/\/www.jmatesanz.com\/","logo":{"@type":"ImageObject","inLanguage":"es","@id":"https:\/\/www.jmatesanz.com\/#\/schema\/logo\/image\/","url":"https:\/\/www.jmatesanz.com\/wp-content\/uploads\/2025\/11\/cropped-cropped-cropped-LOGO_JORGE_MATESANZ_WEB.png","contentUrl":"https:\/\/www.jmatesanz.com\/wp-content\/uploads\/2025\/11\/cropped-cropped-cropped-LOGO_JORGE_MATESANZ_WEB.png","width":500,"height":500,"caption":"Jorge Matesanz"},"image":{"@id":"https:\/\/www.jmatesanz.com\/#\/schema\/logo\/image\/"}},{"@type":"Person","@id":"https:\/\/www.jmatesanz.com\/#\/schema\/person\/31889a4ed689fe34fdda08b7a6fa2bdb","name":"Jorge Matesanz","image":{"@type":"ImageObject","inLanguage":"es","@id":"https:\/\/secure.gravatar.com\/avatar\/98c9e6a0a73a0299f2727febb12e61d8324aba2bee0e8c0a8e36be01c5bdcc0b?s=96&d=mm&r=g","url":"https:\/\/secure.gravatar.com\/avatar\/98c9e6a0a73a0299f2727febb12e61d8324aba2bee0e8c0a8e36be01c5bdcc0b?s=96&d=mm&r=g","contentUrl":"https:\/\/secure.gravatar.com\/avatar\/98c9e6a0a73a0299f2727febb12e61d8324aba2bee0e8c0a8e36be01c5bdcc0b?s=96&d=mm&r=g","caption":"Jorge Matesanz"},"url":"https:\/\/www.jmatesanz.com\/index.php\/author\/jmatesanz\/"}]}},"_links":{"self":[{"href":"https:\/\/www.jmatesanz.com\/index.php\/wp-json\/wp\/v2\/posts\/1193","targetHints":{"allow":["GET"]}}],"collection":[{"href":"https:\/\/www.jmatesanz.com\/index.php\/wp-json\/wp\/v2\/posts"}],"about":[{"href":"https:\/\/www.jmatesanz.com\/index.php\/wp-json\/wp\/v2\/types\/post"}],"author":[{"embeddable":true,"href":"https:\/\/www.jmatesanz.com\/index.php\/wp-json\/wp\/v2\/users\/2"}],"replies":[{"embeddable":true,"href":"https:\/\/www.jmatesanz.com\/index.php\/wp-json\/wp\/v2\/comments?post=1193"}],"version-history":[{"count":9,"href":"https:\/\/www.jmatesanz.com\/index.php\/wp-json\/wp\/v2\/posts\/1193\/revisions"}],"predecessor-version":[{"id":1615,"href":"https:\/\/www.jmatesanz.com\/index.php\/wp-json\/wp\/v2\/posts\/1193\/revisions\/1615"}],"wp:featuredmedia":[{"embeddable":true,"href":"https:\/\/www.jmatesanz.com\/index.php\/wp-json\/wp\/v2\/media\/1602"}],"wp:attachment":[{"href":"https:\/\/www.jmatesanz.com\/index.php\/wp-json\/wp\/v2\/media?parent=1193"}],"wp:term":[{"taxonomy":"category","embeddable":true,"href":"https:\/\/www.jmatesanz.com\/index.php\/wp-json\/wp\/v2\/categories?post=1193"},{"taxonomy":"post_tag","embeddable":true,"href":"https:\/\/www.jmatesanz.com\/index.php\/wp-json\/wp\/v2\/tags?post=1193"}],"curies":[{"name":"wp","href":"https:\/\/api.w.org\/{rel}","templated":true}]}}