{"id":1514,"date":"2026-03-08T06:00:00","date_gmt":"2026-03-08T05:00:00","guid":{"rendered":"https:\/\/www.jmatesanz.com\/?p=1514"},"modified":"2026-03-07T22:26:34","modified_gmt":"2026-03-07T21:26:34","slug":"tadej-pogacar-un-paseo-por-la-strade-bianche","status":"publish","type":"post","link":"https:\/\/www.jmatesanz.com\/index.php\/2026\/03\/08\/tadej-pogacar-un-paseo-por-la-strade-bianche\/","title":{"rendered":"Tadej Pogacar, de paseo por la Strade Bianche (\u00bfes atractivo este ciclismo?)"},"content":{"rendered":"\n<p style=\"text-align: justify;\">Para sorpresa de nadie, Tadej Pogacar hizo la de siempre: arrancar a 80 kil\u00f3metros de meta y cruzar en solitario la <a title=\"\" href=\"https:\/\/www.procyclingstats.com\/race\/strade-bianche\/2026\/result\" target=\"_blank\" rel=\"noopener\">l\u00ednea de meta<\/a> dos horas m\u00e1s tarde. Ni Merckx, ni Hinault, ni nadie. Un dominio tan insultante en todas y cada una de las carreras no hab\u00eda tenido lugar jam\u00e1s. Antes, el primer d\u00eda de competici\u00f3n era para coger ritmo, como m\u00e1ximo ganar un sprint reducido. Debutar y, sin competici\u00f3n en las piernas, destrozar a corredores en el top de su forma es una fotograf\u00eda original del ciclismo postpand\u00e9mico, un cuadro inimaginable hace diez.<\/p>\n\n<p style=\"text-align: justify;\">Que si <a title=\"\" href=\"https:\/\/www.jmatesanz.com\/index.php\/2026\/02\/16\/el-debut-de-isaac-del-toro-en-el-tour-de-francia\/\" target=\"_blank\" rel=\"noopener\">Del Toro<\/a> iba a contar con el benepl\u00e1cito del gran l\u00edder para llevarse la carrera, que hasta d\u00f3nde pod\u00eda llegar <a title=\"\" href=\"https:\/\/www.jmatesanz.com\/index.php\/2026\/03\/02\/paul-seixas\/\" target=\"_blank\" rel=\"noopener\">Paul Seixas<\/a>, que qui\u00e9n iba a ser el ciclista que m\u00e1s aguantase el duelo a Pogacar&#8230; Esos eran los grandes debates en l\u00ednea de salida. Las respuestas: no, segundo clasificado y Seixas. El franc\u00e9s sale muy reforzado por haberle plantado cara al emperador, derrotando por el camino al pr\u00edncipe de UAE. Promete este terceto de cara al <a title=\"\" href=\"https:\/\/www.jmatesanz.com\/index.php\/2026\/01\/31\/tour-de-francia-2026-equipos-y-ciclistas-mas-importantes\/\" target=\"_blank\" rel=\"noopener\">Tour de Francia<\/a>. Pero es que con Tadej en l\u00ednea de salida, existe poca trama y el argumento, reconozc\u00e1moslo, se cae un poco.<\/p>\n\n<p style=\"text-align: justify;\">Viendo el despegue en Strade Bianche, cabe poca duda del quinto Tour o del tercer Mundial. <a title=\"\" href=\"https:\/\/www.jmatesanz.com\/index.php\/2026\/03\/05\/pogacar-y-van-der-poel-entresijos-de-un-duelo-historico\/\" target=\"_blank\" rel=\"noopener\">Solo Van der Poel<\/a> parece capacitado para descabalgarle del primer puesto en alguna carrera espec\u00edfica. Y no siempre vamos a tenerle presente o dispuesto a batirse porque sus pantallas ser\u00e1n otras. Ya ni siquiera <a title=\"\" href=\"https:\/\/www.jmatesanz.com\/index.php\/2026\/01\/28\/sobre-vingegaard-la-caida-y-los-cicloturistas\/\" target=\"_blank\" rel=\"noopener\">Jonas Vingegaard<\/a> parece argumento suficiente para creer que hay partido. Pero no tiene por qu\u00e9 ser una mala noticia. Hay gente que disfruta much\u00edsimo de una carrera decidida en este formato, por mucho que se haya repetido hasta la saciedad.<\/p>\n\n<figure style=\"text-align: justify;\"><img decoding=\"async\" src=\"https:\/\/www.jmatesanz.com\/wp-content\/uploads\/2026\/03\/pogacar-strade-2026-1024x683.jpg\" alt=\"\" \/><\/figure>\n\n<p style=\"text-align: justify;\">Otra, entre los que me incluyo, no. Recordemos que UAE part\u00eda sin los lesionados Wellens y Narv\u00e1ez. El primero arras\u00f3 en la Cl\u00e1sica de Ja\u00e9n, con ra\u00edces bastante similares a esta maravillosa Strade Bianche. El segundo descolg\u00f3 a Vingegaard en Hautacam y decant\u00f3 el Tour pasado sin ser un escalador puro. Con ellos, hubiesen tenido claras opciones de copar el top 3 en exclusiva. Esa concentraci\u00f3n de talento ayuda muy poco al espect\u00e1culo, no es nada nuevo. Tampoco es la primera generaci\u00f3n en la que acontece semejante problem\u00e1tica y aqu\u00ed seguimos.<\/p>\n\n<p style=\"text-align: justify;\">Por tanto, un d\u00eda m\u00e1s en la oficina para Pogacar. Le quedan 19 victorias para igualar el list\u00f3n de 2025. Las im\u00e1genes con el maillot arco\u00edris surcando en solitario las colinas de tierra y las nubes de polvo no son originales. Imagino que, como dominador, tiene derecho a tiranizar carreras o <em>hacer fosfatina<\/em> los sue\u00f1os de sus rivales antes de empezar. Pero, me imagino, que los aficionados que no comulguen con ver a\u00f1o tras a\u00f1o una repetici\u00f3n de la misma carrera tendr\u00e1n tambi\u00e9n el derecho a que no les guste.<\/p>\n\n<p style=\"text-align: justify;\">Ojal\u00e1 en las piedras, en Lieja o en el Tour Pogacar encuentre rivales a la altura de sus ambiciones. Algo que no es f\u00e1cil. Si es as\u00ed, que gane el mejor, que seguramente sea tambi\u00e9n \u00e9l. Sin que la emoci\u00f3n signifique exactamente que se jueguen las carreras en las vallas, un poquito m\u00e1s de competitividad no vendr\u00eda nada mal. De ese modo, los que disfrutan con este ciclismo seguir\u00edan contentos, mientras que quienes languidecemos ante el aburrimiento de saber qu\u00e9 va a pasar en la vida tendr\u00edamos tambi\u00e9n argumentos para contentarnos.<\/p>\n\n<p style=\"text-align: justify;\"><strong><em>Fotos \u00a9 AFP \/ RTVE<\/em><\/strong><\/p>\n","protected":false},"excerpt":{"rendered":"<p>Para sorpresa de nadie, Tadej Pogacar hizo la de siempre: arrancar a 80 kil\u00f3metros de meta y cruzar en solitario la l\u00ednea de meta dos horas m\u00e1s tarde. Ni Merckx, ni Hinault, ni nadie. Un dominio tan insultante en todas y cada una de las carreras no hab\u00eda tenido lugar jam\u00e1s. Antes, el primer d\u00eda [&hellip;]<\/p>\n","protected":false},"author":2,"featured_media":1516,"comment_status":"open","ping_status":"open","sticky":false,"template":"","format":"standard","meta":{"_monsterinsights_skip_tracking":false,"_monsterinsights_sitenote_active":false,"_monsterinsights_sitenote_note":"","_monsterinsights_sitenote_category":0,"footnotes":""},"categories":[38],"tags":[136,615,618,316,71,183,617,620,616,619,139],"class_list":["post-1514","post","type-post","status-publish","format-standard","has-post-thumbnail","hentry","category-articulos","tag-136","tag-cronica","tag-eroica","tag-italia","tag-opinion","tag-pogacar","tag-seixas","tag-sterrato","tag-strade-bianche","tag-toscana","tag-uae"],"yoast_head":"<!-- This site is optimized with the Yoast SEO plugin v27.3 - https:\/\/yoast.com\/product\/yoast-seo-wordpress\/ -->\n<title>Tadej Pogacar, de paseo por la Strade Bianche (\u00bfes atractivo este ciclismo?) - Jorge Matesanz<\/title>\n<meta name=\"robots\" content=\"index, follow, max-snippet:-1, max-image-preview:large, max-video-preview:-1\" \/>\n<link rel=\"canonical\" href=\"https:\/\/www.jmatesanz.com\/index.php\/2026\/03\/08\/tadej-pogacar-un-paseo-por-la-strade-bianche\/\" \/>\n<meta property=\"og:locale\" content=\"es_ES\" \/>\n<meta property=\"og:type\" content=\"article\" \/>\n<meta property=\"og:title\" content=\"Tadej Pogacar, de paseo por la Strade Bianche (\u00bfes atractivo este ciclismo?) - Jorge Matesanz\" \/>\n<meta property=\"og:description\" content=\"Para sorpresa de nadie, Tadej Pogacar hizo la de siempre: arrancar a 80 kil\u00f3metros de meta y cruzar en solitario la l\u00ednea de meta dos horas m\u00e1s tarde. Ni Merckx, ni Hinault, ni nadie. Un dominio tan insultante en todas y cada una de las carreras no hab\u00eda tenido lugar jam\u00e1s. Antes, el primer d\u00eda [&hellip;]\" \/>\n<meta property=\"og:url\" content=\"https:\/\/www.jmatesanz.com\/index.php\/2026\/03\/08\/tadej-pogacar-un-paseo-por-la-strade-bianche\/\" \/>\n<meta property=\"og:site_name\" content=\"Jorge Matesanz\" \/>\n<meta property=\"article:published_time\" content=\"2026-03-08T05:00:00+00:00\" \/>\n<meta property=\"og:image\" content=\"https:\/\/www.jmatesanz.com\/wp-content\/uploads\/2026\/03\/pogacar-2026-strade.jpg\" \/>\n\t<meta property=\"og:image:width\" content=\"1200\" \/>\n\t<meta property=\"og:image:height\" content=\"675\" \/>\n\t<meta property=\"og:image:type\" content=\"image\/jpeg\" \/>\n<meta name=\"author\" content=\"Jorge Matesanz\" \/>\n<meta name=\"twitter:card\" content=\"summary_large_image\" \/>\n<meta name=\"twitter:label1\" content=\"Escrito por\" \/>\n\t<meta name=\"twitter:data1\" content=\"Jorge Matesanz\" \/>\n\t<meta name=\"twitter:label2\" content=\"Tiempo de lectura\" \/>\n\t<meta name=\"twitter:data2\" content=\"3 minutos\" \/>\n<script type=\"application\/ld+json\" class=\"yoast-schema-graph\">{\"@context\":\"https:\\\/\\\/schema.org\",\"@graph\":[{\"@type\":\"Article\",\"@id\":\"https:\\\/\\\/www.jmatesanz.com\\\/index.php\\\/2026\\\/03\\\/08\\\/tadej-pogacar-un-paseo-por-la-strade-bianche\\\/#article\",\"isPartOf\":{\"@id\":\"https:\\\/\\\/www.jmatesanz.com\\\/index.php\\\/2026\\\/03\\\/08\\\/tadej-pogacar-un-paseo-por-la-strade-bianche\\\/\"},\"author\":{\"name\":\"Jorge Matesanz\",\"@id\":\"https:\\\/\\\/www.jmatesanz.com\\\/#\\\/schema\\\/person\\\/31889a4ed689fe34fdda08b7a6fa2bdb\"},\"headline\":\"Tadej Pogacar, de paseo por la Strade Bianche (\u00bfes atractivo este ciclismo?)\",\"datePublished\":\"2026-03-08T05:00:00+00:00\",\"mainEntityOfPage\":{\"@id\":\"https:\\\/\\\/www.jmatesanz.com\\\/index.php\\\/2026\\\/03\\\/08\\\/tadej-pogacar-un-paseo-por-la-strade-bianche\\\/\"},\"wordCount\":623,\"commentCount\":2,\"publisher\":{\"@id\":\"https:\\\/\\\/www.jmatesanz.com\\\/#organization\"},\"image\":{\"@id\":\"https:\\\/\\\/www.jmatesanz.com\\\/index.php\\\/2026\\\/03\\\/08\\\/tadej-pogacar-un-paseo-por-la-strade-bianche\\\/#primaryimage\"},\"thumbnailUrl\":\"https:\\\/\\\/www.jmatesanz.com\\\/wp-content\\\/uploads\\\/2026\\\/03\\\/pogacar-2026-strade.jpg\",\"keywords\":[\"2026\",\"cronica\",\"eroica\",\"italia\",\"opinion\",\"pogacar\",\"seixas\",\"sterrato\",\"strade bianche\",\"toscana\",\"uae\"],\"articleSection\":[\"Art\u00edculos\"],\"inLanguage\":\"es\",\"potentialAction\":[{\"@type\":\"CommentAction\",\"name\":\"Comment\",\"target\":[\"https:\\\/\\\/www.jmatesanz.com\\\/index.php\\\/2026\\\/03\\\/08\\\/tadej-pogacar-un-paseo-por-la-strade-bianche\\\/#respond\"]}]},{\"@type\":\"WebPage\",\"@id\":\"https:\\\/\\\/www.jmatesanz.com\\\/index.php\\\/2026\\\/03\\\/08\\\/tadej-pogacar-un-paseo-por-la-strade-bianche\\\/\",\"url\":\"https:\\\/\\\/www.jmatesanz.com\\\/index.php\\\/2026\\\/03\\\/08\\\/tadej-pogacar-un-paseo-por-la-strade-bianche\\\/\",\"name\":\"Tadej Pogacar, de paseo por la Strade Bianche (\u00bfes atractivo este ciclismo?) - Jorge Matesanz\",\"isPartOf\":{\"@id\":\"https:\\\/\\\/www.jmatesanz.com\\\/#website\"},\"primaryImageOfPage\":{\"@id\":\"https:\\\/\\\/www.jmatesanz.com\\\/index.php\\\/2026\\\/03\\\/08\\\/tadej-pogacar-un-paseo-por-la-strade-bianche\\\/#primaryimage\"},\"image\":{\"@id\":\"https:\\\/\\\/www.jmatesanz.com\\\/index.php\\\/2026\\\/03\\\/08\\\/tadej-pogacar-un-paseo-por-la-strade-bianche\\\/#primaryimage\"},\"thumbnailUrl\":\"https:\\\/\\\/www.jmatesanz.com\\\/wp-content\\\/uploads\\\/2026\\\/03\\\/pogacar-2026-strade.jpg\",\"datePublished\":\"2026-03-08T05:00:00+00:00\",\"breadcrumb\":{\"@id\":\"https:\\\/\\\/www.jmatesanz.com\\\/index.php\\\/2026\\\/03\\\/08\\\/tadej-pogacar-un-paseo-por-la-strade-bianche\\\/#breadcrumb\"},\"inLanguage\":\"es\",\"potentialAction\":[{\"@type\":\"ReadAction\",\"target\":[\"https:\\\/\\\/www.jmatesanz.com\\\/index.php\\\/2026\\\/03\\\/08\\\/tadej-pogacar-un-paseo-por-la-strade-bianche\\\/\"]}]},{\"@type\":\"ImageObject\",\"inLanguage\":\"es\",\"@id\":\"https:\\\/\\\/www.jmatesanz.com\\\/index.php\\\/2026\\\/03\\\/08\\\/tadej-pogacar-un-paseo-por-la-strade-bianche\\\/#primaryimage\",\"url\":\"https:\\\/\\\/www.jmatesanz.com\\\/wp-content\\\/uploads\\\/2026\\\/03\\\/pogacar-2026-strade.jpg\",\"contentUrl\":\"https:\\\/\\\/www.jmatesanz.com\\\/wp-content\\\/uploads\\\/2026\\\/03\\\/pogacar-2026-strade.jpg\",\"width\":1200,\"height\":675},{\"@type\":\"BreadcrumbList\",\"@id\":\"https:\\\/\\\/www.jmatesanz.com\\\/index.php\\\/2026\\\/03\\\/08\\\/tadej-pogacar-un-paseo-por-la-strade-bianche\\\/#breadcrumb\",\"itemListElement\":[{\"@type\":\"ListItem\",\"position\":1,\"name\":\"Portada\",\"item\":\"https:\\\/\\\/www.jmatesanz.com\\\/\"},{\"@type\":\"ListItem\",\"position\":2,\"name\":\"Tadej Pogacar, de paseo por la Strade Bianche (\u00bfes atractivo este ciclismo?)\"}]},{\"@type\":\"WebSite\",\"@id\":\"https:\\\/\\\/www.jmatesanz.com\\\/#website\",\"url\":\"https:\\\/\\\/www.jmatesanz.com\\\/\",\"name\":\"Jorge Matesanz\",\"description\":\"Mi ciclismo, mis opiniones, mis visiones, mis mundos\",\"publisher\":{\"@id\":\"https:\\\/\\\/www.jmatesanz.com\\\/#organization\"},\"potentialAction\":[{\"@type\":\"SearchAction\",\"target\":{\"@type\":\"EntryPoint\",\"urlTemplate\":\"https:\\\/\\\/www.jmatesanz.com\\\/?s={search_term_string}\"},\"query-input\":{\"@type\":\"PropertyValueSpecification\",\"valueRequired\":true,\"valueName\":\"search_term_string\"}}],\"inLanguage\":\"es\"},{\"@type\":\"Organization\",\"@id\":\"https:\\\/\\\/www.jmatesanz.com\\\/#organization\",\"name\":\"Jorge Matesanz\",\"url\":\"https:\\\/\\\/www.jmatesanz.com\\\/\",\"logo\":{\"@type\":\"ImageObject\",\"inLanguage\":\"es\",\"@id\":\"https:\\\/\\\/www.jmatesanz.com\\\/#\\\/schema\\\/logo\\\/image\\\/\",\"url\":\"https:\\\/\\\/www.jmatesanz.com\\\/wp-content\\\/uploads\\\/2025\\\/11\\\/cropped-cropped-cropped-LOGO_JORGE_MATESANZ_WEB.png\",\"contentUrl\":\"https:\\\/\\\/www.jmatesanz.com\\\/wp-content\\\/uploads\\\/2025\\\/11\\\/cropped-cropped-cropped-LOGO_JORGE_MATESANZ_WEB.png\",\"width\":500,\"height\":500,\"caption\":\"Jorge Matesanz\"},\"image\":{\"@id\":\"https:\\\/\\\/www.jmatesanz.com\\\/#\\\/schema\\\/logo\\\/image\\\/\"}},{\"@type\":\"Person\",\"@id\":\"https:\\\/\\\/www.jmatesanz.com\\\/#\\\/schema\\\/person\\\/31889a4ed689fe34fdda08b7a6fa2bdb\",\"name\":\"Jorge Matesanz\",\"image\":{\"@type\":\"ImageObject\",\"inLanguage\":\"es\",\"@id\":\"https:\\\/\\\/secure.gravatar.com\\\/avatar\\\/98c9e6a0a73a0299f2727febb12e61d8324aba2bee0e8c0a8e36be01c5bdcc0b?s=96&d=mm&r=g\",\"url\":\"https:\\\/\\\/secure.gravatar.com\\\/avatar\\\/98c9e6a0a73a0299f2727febb12e61d8324aba2bee0e8c0a8e36be01c5bdcc0b?s=96&d=mm&r=g\",\"contentUrl\":\"https:\\\/\\\/secure.gravatar.com\\\/avatar\\\/98c9e6a0a73a0299f2727febb12e61d8324aba2bee0e8c0a8e36be01c5bdcc0b?s=96&d=mm&r=g\",\"caption\":\"Jorge Matesanz\"},\"url\":\"https:\\\/\\\/www.jmatesanz.com\\\/index.php\\\/author\\\/jmatesanz\\\/\"}]}<\/script>\n<!-- \/ Yoast SEO plugin. -->","yoast_head_json":{"title":"Tadej Pogacar, de paseo por la Strade Bianche (\u00bfes atractivo este ciclismo?) - Jorge Matesanz","robots":{"index":"index","follow":"follow","max-snippet":"max-snippet:-1","max-image-preview":"max-image-preview:large","max-video-preview":"max-video-preview:-1"},"canonical":"https:\/\/www.jmatesanz.com\/index.php\/2026\/03\/08\/tadej-pogacar-un-paseo-por-la-strade-bianche\/","og_locale":"es_ES","og_type":"article","og_title":"Tadej Pogacar, de paseo por la Strade Bianche (\u00bfes atractivo este ciclismo?) - Jorge Matesanz","og_description":"Para sorpresa de nadie, Tadej Pogacar hizo la de siempre: arrancar a 80 kil\u00f3metros de meta y cruzar en solitario la l\u00ednea de meta dos horas m\u00e1s tarde. Ni Merckx, ni Hinault, ni nadie. Un dominio tan insultante en todas y cada una de las carreras no hab\u00eda tenido lugar jam\u00e1s. Antes, el primer d\u00eda [&hellip;]","og_url":"https:\/\/www.jmatesanz.com\/index.php\/2026\/03\/08\/tadej-pogacar-un-paseo-por-la-strade-bianche\/","og_site_name":"Jorge Matesanz","article_published_time":"2026-03-08T05:00:00+00:00","og_image":[{"width":1200,"height":675,"url":"https:\/\/www.jmatesanz.com\/wp-content\/uploads\/2026\/03\/pogacar-2026-strade.jpg","type":"image\/jpeg"}],"author":"Jorge Matesanz","twitter_card":"summary_large_image","twitter_misc":{"Escrito por":"Jorge Matesanz","Tiempo de lectura":"3 minutos"},"schema":{"@context":"https:\/\/schema.org","@graph":[{"@type":"Article","@id":"https:\/\/www.jmatesanz.com\/index.php\/2026\/03\/08\/tadej-pogacar-un-paseo-por-la-strade-bianche\/#article","isPartOf":{"@id":"https:\/\/www.jmatesanz.com\/index.php\/2026\/03\/08\/tadej-pogacar-un-paseo-por-la-strade-bianche\/"},"author":{"name":"Jorge Matesanz","@id":"https:\/\/www.jmatesanz.com\/#\/schema\/person\/31889a4ed689fe34fdda08b7a6fa2bdb"},"headline":"Tadej Pogacar, de paseo por la Strade Bianche (\u00bfes atractivo este ciclismo?)","datePublished":"2026-03-08T05:00:00+00:00","mainEntityOfPage":{"@id":"https:\/\/www.jmatesanz.com\/index.php\/2026\/03\/08\/tadej-pogacar-un-paseo-por-la-strade-bianche\/"},"wordCount":623,"commentCount":2,"publisher":{"@id":"https:\/\/www.jmatesanz.com\/#organization"},"image":{"@id":"https:\/\/www.jmatesanz.com\/index.php\/2026\/03\/08\/tadej-pogacar-un-paseo-por-la-strade-bianche\/#primaryimage"},"thumbnailUrl":"https:\/\/www.jmatesanz.com\/wp-content\/uploads\/2026\/03\/pogacar-2026-strade.jpg","keywords":["2026","cronica","eroica","italia","opinion","pogacar","seixas","sterrato","strade bianche","toscana","uae"],"articleSection":["Art\u00edculos"],"inLanguage":"es","potentialAction":[{"@type":"CommentAction","name":"Comment","target":["https:\/\/www.jmatesanz.com\/index.php\/2026\/03\/08\/tadej-pogacar-un-paseo-por-la-strade-bianche\/#respond"]}]},{"@type":"WebPage","@id":"https:\/\/www.jmatesanz.com\/index.php\/2026\/03\/08\/tadej-pogacar-un-paseo-por-la-strade-bianche\/","url":"https:\/\/www.jmatesanz.com\/index.php\/2026\/03\/08\/tadej-pogacar-un-paseo-por-la-strade-bianche\/","name":"Tadej Pogacar, de paseo por la Strade Bianche (\u00bfes atractivo este ciclismo?) - Jorge Matesanz","isPartOf":{"@id":"https:\/\/www.jmatesanz.com\/#website"},"primaryImageOfPage":{"@id":"https:\/\/www.jmatesanz.com\/index.php\/2026\/03\/08\/tadej-pogacar-un-paseo-por-la-strade-bianche\/#primaryimage"},"image":{"@id":"https:\/\/www.jmatesanz.com\/index.php\/2026\/03\/08\/tadej-pogacar-un-paseo-por-la-strade-bianche\/#primaryimage"},"thumbnailUrl":"https:\/\/www.jmatesanz.com\/wp-content\/uploads\/2026\/03\/pogacar-2026-strade.jpg","datePublished":"2026-03-08T05:00:00+00:00","breadcrumb":{"@id":"https:\/\/www.jmatesanz.com\/index.php\/2026\/03\/08\/tadej-pogacar-un-paseo-por-la-strade-bianche\/#breadcrumb"},"inLanguage":"es","potentialAction":[{"@type":"ReadAction","target":["https:\/\/www.jmatesanz.com\/index.php\/2026\/03\/08\/tadej-pogacar-un-paseo-por-la-strade-bianche\/"]}]},{"@type":"ImageObject","inLanguage":"es","@id":"https:\/\/www.jmatesanz.com\/index.php\/2026\/03\/08\/tadej-pogacar-un-paseo-por-la-strade-bianche\/#primaryimage","url":"https:\/\/www.jmatesanz.com\/wp-content\/uploads\/2026\/03\/pogacar-2026-strade.jpg","contentUrl":"https:\/\/www.jmatesanz.com\/wp-content\/uploads\/2026\/03\/pogacar-2026-strade.jpg","width":1200,"height":675},{"@type":"BreadcrumbList","@id":"https:\/\/www.jmatesanz.com\/index.php\/2026\/03\/08\/tadej-pogacar-un-paseo-por-la-strade-bianche\/#breadcrumb","itemListElement":[{"@type":"ListItem","position":1,"name":"Portada","item":"https:\/\/www.jmatesanz.com\/"},{"@type":"ListItem","position":2,"name":"Tadej Pogacar, de paseo por la Strade Bianche (\u00bfes atractivo este ciclismo?)"}]},{"@type":"WebSite","@id":"https:\/\/www.jmatesanz.com\/#website","url":"https:\/\/www.jmatesanz.com\/","name":"Jorge Matesanz","description":"Mi ciclismo, mis opiniones, mis visiones, mis mundos","publisher":{"@id":"https:\/\/www.jmatesanz.com\/#organization"},"potentialAction":[{"@type":"SearchAction","target":{"@type":"EntryPoint","urlTemplate":"https:\/\/www.jmatesanz.com\/?s={search_term_string}"},"query-input":{"@type":"PropertyValueSpecification","valueRequired":true,"valueName":"search_term_string"}}],"inLanguage":"es"},{"@type":"Organization","@id":"https:\/\/www.jmatesanz.com\/#organization","name":"Jorge Matesanz","url":"https:\/\/www.jmatesanz.com\/","logo":{"@type":"ImageObject","inLanguage":"es","@id":"https:\/\/www.jmatesanz.com\/#\/schema\/logo\/image\/","url":"https:\/\/www.jmatesanz.com\/wp-content\/uploads\/2025\/11\/cropped-cropped-cropped-LOGO_JORGE_MATESANZ_WEB.png","contentUrl":"https:\/\/www.jmatesanz.com\/wp-content\/uploads\/2025\/11\/cropped-cropped-cropped-LOGO_JORGE_MATESANZ_WEB.png","width":500,"height":500,"caption":"Jorge Matesanz"},"image":{"@id":"https:\/\/www.jmatesanz.com\/#\/schema\/logo\/image\/"}},{"@type":"Person","@id":"https:\/\/www.jmatesanz.com\/#\/schema\/person\/31889a4ed689fe34fdda08b7a6fa2bdb","name":"Jorge Matesanz","image":{"@type":"ImageObject","inLanguage":"es","@id":"https:\/\/secure.gravatar.com\/avatar\/98c9e6a0a73a0299f2727febb12e61d8324aba2bee0e8c0a8e36be01c5bdcc0b?s=96&d=mm&r=g","url":"https:\/\/secure.gravatar.com\/avatar\/98c9e6a0a73a0299f2727febb12e61d8324aba2bee0e8c0a8e36be01c5bdcc0b?s=96&d=mm&r=g","contentUrl":"https:\/\/secure.gravatar.com\/avatar\/98c9e6a0a73a0299f2727febb12e61d8324aba2bee0e8c0a8e36be01c5bdcc0b?s=96&d=mm&r=g","caption":"Jorge Matesanz"},"url":"https:\/\/www.jmatesanz.com\/index.php\/author\/jmatesanz\/"}]}},"_links":{"self":[{"href":"https:\/\/www.jmatesanz.com\/index.php\/wp-json\/wp\/v2\/posts\/1514","targetHints":{"allow":["GET"]}}],"collection":[{"href":"https:\/\/www.jmatesanz.com\/index.php\/wp-json\/wp\/v2\/posts"}],"about":[{"href":"https:\/\/www.jmatesanz.com\/index.php\/wp-json\/wp\/v2\/types\/post"}],"author":[{"embeddable":true,"href":"https:\/\/www.jmatesanz.com\/index.php\/wp-json\/wp\/v2\/users\/2"}],"replies":[{"embeddable":true,"href":"https:\/\/www.jmatesanz.com\/index.php\/wp-json\/wp\/v2\/comments?post=1514"}],"version-history":[{"count":9,"href":"https:\/\/www.jmatesanz.com\/index.php\/wp-json\/wp\/v2\/posts\/1514\/revisions"}],"predecessor-version":[{"id":1530,"href":"https:\/\/www.jmatesanz.com\/index.php\/wp-json\/wp\/v2\/posts\/1514\/revisions\/1530"}],"wp:featuredmedia":[{"embeddable":true,"href":"https:\/\/www.jmatesanz.com\/index.php\/wp-json\/wp\/v2\/media\/1516"}],"wp:attachment":[{"href":"https:\/\/www.jmatesanz.com\/index.php\/wp-json\/wp\/v2\/media?parent=1514"}],"wp:term":[{"taxonomy":"category","embeddable":true,"href":"https:\/\/www.jmatesanz.com\/index.php\/wp-json\/wp\/v2\/categories?post=1514"},{"taxonomy":"post_tag","embeddable":true,"href":"https:\/\/www.jmatesanz.com\/index.php\/wp-json\/wp\/v2\/tags?post=1514"}],"curies":[{"name":"wp","href":"https:\/\/api.w.org\/{rel}","templated":true}]}}