{"id":1531,"date":"2026-03-10T06:00:00","date_gmt":"2026-03-10T05:00:00","guid":{"rendered":"https:\/\/www.jmatesanz.com\/?p=1531"},"modified":"2026-03-09T22:54:49","modified_gmt":"2026-03-09T21:54:49","slug":"entrevista-a-chechu-rubiera-las-contrarrelojes-marcaron-mi-carrera","status":"publish","type":"post","link":"https:\/\/www.jmatesanz.com\/index.php\/2026\/03\/10\/entrevista-a-chechu-rubiera-las-contrarrelojes-marcaron-mi-carrera\/","title":{"rendered":"Entrevista a Chechu Rubiera: \u00abEl Giro siempre me ha gustado\u00bb"},"content":{"rendered":"\n<p><em>Durante mucho tiempo considerado como uno de los mejores gregarios del pelot\u00f3n, al servicio del rodillo de US Postal, el asturiano Chechu Rubiera es uno de los ciclistas m\u00e1s queridos y reconocidos en su regi\u00f3n. Gran escalador, todav\u00eda muchos recuerdan sus cabalgadas en el <a href=\"https:\/\/www.jmatesanz.com\/index.php\/2026\/02\/20\/los-equipos-del-giro-2026-unibet-bardiani-y-polti-las-wildcards\/\" target=\"_blank\" rel=\"noopener\" title=\"\">Giro de Italia<\/a> con el verdiblanco del legendario equipo Kelme, que tanto hizo recordar a la gran leyenda del \u00abTarangu\u00bb. Top 10 en las generales de Vuelta a Espa\u00f1a y Giro, carrera en la que venci\u00f3 dos etapas en 1997 y 2000, y doble vencedor de la m\u00edtica Subida al Naranco en Oviedo.<\/em><\/p>\n\n\n\n\n\n<p><strong>\u00bfC\u00f3mo empezaste en el mundo de la bici?<\/strong><\/p>\n\n\n\n<p>Desde que tengo uso de raz\u00f3n me recuerdo con la bicicleta. Ten\u00eda la suerte de vivir en una zona muy rural en la que no hab\u00eda casi tr\u00e1fico. As\u00ed que desde los tres a\u00f1os ya andaba con la bici por la aldea, y con diez a\u00f1os ya ten\u00eda mi bici de carretera. Hac\u00eda mis peque\u00f1as rutas, bajando del pueblo a Gij\u00f3n, haci\u00e9ndome mis 15 o 18 kil\u00f3metros. Lo pienso y me llama la atenci\u00f3n c\u00f3mo pod\u00edamos hacer esas cosas siendo ni\u00f1os. Ahora a mis hijos no les dejar\u00eda ir solos por la carretera a esa edad, es mucho m\u00e1s peligroso.<\/p>\n\n\n\n<p>Con 14 a\u00f1os empec\u00e9 a competir federado con la Escuela Ciclista de Las Mestas, que es un referente aqu\u00ed en Asturias y a nivel nacional. De ella salieron tambi\u00e9n los Carlos Barredo, Dani Navarro, Iv\u00e1n Cortina, Luis Pasamontes\u2026 Por ah\u00ed comenzamos muchos futuros profesionales y le debemos mucho a Jes\u00fas Rodr\u00edguez, que sigue hoy al frente de la escuela.<\/p>\n\n\n\n<p>Siempre tuve much\u00edsima afici\u00f3n tambi\u00e9n como espectador. Recuerdo engancharme a la televisi\u00f3n a ver aquellas Vueltas a Espa\u00f1a con la m\u00fasica de Blanco y Negro, Tino Casal\u2026<\/p>\n\n\n\n<p><strong>Supongo que adem\u00e1s en aquella \u00e9poca en Asturias os enganchar\u00eda haber tenido leyendas como Fuente o L\u00f3pez Carril.<\/strong><\/p>\n\n\n\n<p>A m\u00ed me cogi\u00f3 muy peque\u00f1o, y en aquella \u00e9poca era dif\u00edcil ver carreras en directo. Pero en los a\u00f1os 70 el nivel de corredores asturianos fue irrepetible. Podios en el Tour, victorias en la Vuelta, monta\u00f1a en el Giro\u2026 Estaban Tarangu y L\u00f3pez Carril, pero tambi\u00e9n Rox\u00edn, Ordiales, Balagu\u00e9\u2026 Creo que fueron los mejores a\u00f1os del ciclismo asturiano, al margen de la figura de Samuel S\u00e1nchez, que fue algo m\u00e1s puntual.<\/p>\n\n\n\n<p>Adem\u00e1s, era una manera de correr muy distinta y que enganchaba mucho, con ataques suicidas desde muy lejos. Todo era muy de t\u00fa a t\u00fa, y ahora todo est\u00e1 mucho m\u00e1s anclado a los moldes de las s\u00faper estructuras, que desvirt\u00faa un poco el puro espect\u00e1culo deportivo por una competici\u00f3n m\u00e1s t\u00e1ctica.<\/p>\n\n\n\n<p><strong>De todos ellos, el que m\u00e1s recuerdo dej\u00f3 fue Jos\u00e9 Manuel Fuente, \u201cEl Tarangu\u201d.<\/strong><\/p>\n\n\n\n<p>Sin duda fue un corredor especial. Tengo una an\u00e9cdota que deja a las claras lo que fue como corredor. Yo ten\u00eda muy buena relaci\u00f3n con Axel Merckx, nos llev\u00e1bamos muy bien e incluso hac\u00edamos concentraciones juntos en Tenerife. De hecho, mi hijo peque\u00f1o se llama Axel.<\/p>\n\n\n\n<p>Un d\u00eda le pregunt\u00e9 si se acordaba de un ciclista asturiano que se llamaba Jos\u00e9 Manuel Fuente. \u00c9l me mir\u00f3 asombrado y me dijo que por supuesto que se acordaba del \u201cTarangu\u201d porque su padre siempre dec\u00eda que era el corredor que m\u00e1s le hab\u00eda hecho sufrir.<\/p>\n\n\n\n<p><strong>Antes de dar el salto a profesionales, corres en el equipo amateur de Banesto, uno de los m\u00e1s potentes del pelot\u00f3n espa\u00f1ol. \u00bfQu\u00e9 recuerdas de esa \u00e9poca?<\/strong><\/p>\n\n\n\n<p>Fue un a\u00f1o que recuerdo con mucho cari\u00f1o. Era el a\u00f1o 1994 y ten\u00edamos gente con mucho nivel. De aquel equipo pasamos una decena de corredores a profesionales en los a\u00f1os siguientes, en diferentes equipos. Ah\u00ed estaban Javier Pascual, Rafa D\u00edaz Justo, Santi Blanco,\u00a0Chente Garc\u00eda Acosta, Carlos Sastre, Victoriano Fern\u00e1ndez, Eduardo Hern\u00e1ndez\u2026<\/p>\n\n\n\n<p><strong>\u00bfC\u00f3mo se fragu\u00f3 tu paso a profesionales con Artiach y tu posterior llegada a la estructura del Kelme?<\/strong><\/p>\n\n\n\n<p>Fich\u00e9 por Artiach dos a\u00f1os, y el primer a\u00f1o, cuando estaba viendo la Vuelta a Espa\u00f1a en casa, escuch\u00e9 que el equipo desaparec\u00eda, y fue un palo. Pero se cerr\u00f3 una puerta para abrirse otra, porque Kelme nos absorbi\u00f3 y entr\u00e9 en Kelme-Artiach. Ah\u00ed comenc\u00e9 un v\u00ednculo con Kelme que dur\u00f3 unos cuantos a\u00f1os.<\/p>\n\n\n\n<p><strong>Corriendo en Kelme encontraste tu espacio como ciclista, sobre todo en el Giro de Italia.<\/strong><\/p>\n\n\n\n<p>Para m\u00ed era una carrera en la que ten\u00eda mucha libertad, y no contaba con la presi\u00f3n de la Vuelta donde ten\u00edamos muchos m\u00e1s l\u00edderes en el equipo. En esa \u00e9poca el Kelme ten\u00eda corredorazos de la talla de Escart\u00edn, Sevilla, Botero, Heras, Chepe Gonz\u00e1lez&#8230;<\/p>\n\n\n\n<p>Era adem\u00e1s un calendario que me ven\u00eda muy bien y que creo que es lo mejor, porque pod\u00eda tener dos picos de forma muy distanciados entre s\u00ed en Giro y Vuelta. En otros a\u00f1os que hice Giro y Tour, o Tour y Vuelta, la segunda grande se te hace larga o te cuesta coger la forma.<\/p>\n\n\n\n<p><strong>\u00bfQu\u00e9 hace del Giro de Italia una carrera tan especial?<\/strong><\/p>\n\n\n\n<p>A m\u00ed el Giro siempre me ha gustado mucho. Los recorridos siempre son espectaculares, por zonas como los Dolomitas que son una maravilla tambi\u00e9n para el cicloturista. La alta monta\u00f1a siempre llama mucho la atenci\u00f3n, y en Italia hay mucha y de mucha calidad.<\/p>\n\n\n\n<p>Tambi\u00e9n influye mucho el aficionado. Es algo que comentamos mucho los ciclistas porque es un perfil de amante y entendido del ciclismo, a diferencia del Tour que congrega a perfiles m\u00e1s distintos, con mucho turista que va m\u00e1s a lo que envuelve al Tour que a la competici\u00f3n deportiva en s\u00ed. En Italia encuentras mucha m\u00e1s gente que conoce los equipos, la historia, te habla de Coppi, de Bartali\u2026<\/p>\n\n\n\n<p><strong>Precisamente el Giro es tu primera gran vuelta en 1997, y no se te puede dar mejor. Etapa y top 10. \u00bfUn debut so\u00f1ado?<\/strong><\/p>\n\n\n\n<p>Sal\u00ed para Italia pensando en si ser\u00eda capaz de acabarla, casi me conformaba con eso. Sin embargo, la recuerdo como la mejor gran vuelta de mi carrera. Llegar en mi tercer a\u00f1o como profesional y ganar la etapa reina y ser d\u00e9cimo en la general fue impresionante.<\/p>\n\n\n\n<p>En los a\u00f1os siguientes segu\u00ed peleando para estar arriba, porque me hab\u00eda puesto un buen list\u00f3n. Siempre pude luchar por hacer buenos puestos, pero vi que no pod\u00eda aspirar a ganar generales o podios, hab\u00eda que ser muy completo y muy regular, y yo siempre sol\u00eda tener un d\u00eda malo y en las cronos no pod\u00eda competir con los super contrarrelojistas.<\/p>\n\n\n\n<p><strong>En el a\u00f1o 2000 tambi\u00e9n logras una gran victoria de etapa ante todo un Gilberto Simoni.<\/strong><\/p>\n\n\n\n<p>Aquel d\u00eda lleg\u00e1bamos a Selva di Valgardena y sub\u00edamos antes el Passo Sella. Me fugu\u00e9 con \u00e9l y en la subida a Sella me dej\u00f3 atr\u00e1s. Pero me la jugu\u00e9 bajando porque sab\u00eda que al sprint era m\u00e1s r\u00e1pido que \u00e9l. Logr\u00e9 cazarlo e imponerme en la etapa.<\/p>\n\n\n\n<p><strong>T\u00fa sol\u00edas hacer Giro, y en luego en la Vuelta adoptabas un rol m\u00e1s secundario. \u00bfNo echabas de menos ir al Tour?<\/strong><\/p>\n\n\n\n<p>Yo ten\u00eda muy claro mi calendario y me iban muy bien mis picos de forma, as\u00ed que me gustaba centrarme en hacerlo bien en el Giro. En la Vuelta estaba c\u00f3modo asumiendo mi labor de gregario y si hubiera ido al Tour habr\u00eda hecho lo mismo.<\/p>\n\n\n\n<p><strong>\u00bfC\u00f3mo era el ambiente en el equipo con tantos corredores capaces de hacerlo bien en las carreras?<\/strong><\/p>\n\n\n\n<p>En Kelme el ambiente era buen\u00edsimo. Aunque hubiera tanto gallo, \u00e9ramos incluso amigos y nos \u00edbamos de vacaciones juntos. Por ejemplo, en la Vuelta del 2000, Hidalgo, presidente de Halc\u00f3n Viajes, nos dijo que si gan\u00e1bamos nos pagaba un viaje a Cuba. Fue uno de los mejores viajes que recuerdo, con todo el equipo y el staff y sus parejas, y fue fant\u00e1stico. Ten\u00edamos un grupo muy divertido, con gente con muy buen humor, como\u00a0Angel Edo.<\/p>\n\n\n\n<p>Cuando termin\u00e1bamos las cenas en los hoteles, siempre nos \u00edbamos todos a tomar una infusi\u00f3n o un caf\u00e9 para poder seguir la tertulia. Eso es algo que no he visto en ning\u00fan otro equipo. Cuando llegu\u00e9 al US Postal descubr\u00ed otro ambiente, mucho m\u00e1s profesionalizado.<\/p>\n\n\n\n<p><strong>\u00bfNunca te planteaste irte a un equipo m\u00e1s peque\u00f1o para tener m\u00e1s libertad en carrera?<\/strong><\/p>\n\n\n\n<p>En US Postal siempre me sent\u00ed a gusto y bien valorado por el equipo, y sab\u00eda que junto a Armstrong estaba viviendo cosas extraordinarias. No solo en el plano deportivo, si no en todo lo que rodeaba su figura. Pod\u00edas estar en el autob\u00fas del equipo hablando con Robin Williams, o Schwarzenegger, o viajando en un avi\u00f3n privado\u2026 Son cosas que sab\u00eda que no volver\u00eda a vivir y que tambi\u00e9n ten\u00edan su encanto. Y, por supuesto, no nos vamos a enga\u00f1ar, estaba muy bien pagado.<\/p>\n\n\n\n<p>Yo con el rol de gregario en el Tour estaba satisfecho, y al margen del Tour, sab\u00eda que pod\u00eda tener posibilidades en muchas otras carreras. Si no las aprovech\u00e9 del todo no fue por falta de oportunidades sino porque hab\u00eda gente mejor.<\/p>\n\n\n\n<p><strong>La Vuelta de 1999 es tu mejor clasificaci\u00f3n en una grande, al terminar sexto. Fue el estreno del Angliru, \u00bfc\u00f3mo vive un asturiano un momento hist\u00f3rico tan importante?<\/strong><\/p>\n\n\n\n<p>Fue una etapa muy movida. Llov\u00eda. Sub\u00edamos Ventana y La Cobertoria, que en aquella \u00e9poca estaba muy mal, con el asfalto muy gastado y resbaladizo. En la bajada se cae Escart\u00edn y yo me quedo con \u00e9l, pero \u00e9l y \u00c1lvaro Pino me dicen que siga porque \u00e9l no puede seguir.<\/p>\n\n\n\n<p>Me lanzo en el descenso de Cobertoria, porque conoc\u00eda el puerto y ten\u00eda mucha gente por delante. Fue una bajada dantesca, para no creer. En cada curva encontraba corredores por el suelo.<\/p>\n\n\n\n<p>Empezamos el Cordal y llegamos muy pocos a la cima, y en la bajada vuelven las ca\u00eddas, entre ellos Olano. Con el estr\u00e9s del cambio de bicicleta se deja la rueda delantera de la bicicleta accidentada enganchada a la maleza. Esa rueda la tiene un chaval del Club Ciclista Colloto que cuando estaba viendo la etapa sali\u00f3 con su padre en el coche para cogerla.<\/p>\n\n\n\n<p>La subida al Angliru fue un s\u00e1lvese quien pueda. Yo sub\u00ed con Ullrich casi todo el tiempo. Hab\u00eda much\u00edsimo p\u00fablico, agua, los coches quemando el embrague\u2026 Un caos.<\/p>\n\n\n\n<p>Hay una foto preciosa de Davide Bramati subido a una moto de la Guardia Civil con la bicicleta en el hombro, que creo que resume un poco lo que fue aquel d\u00eda. David Millar tras cruzar la meta dice a los jueces que \u201cesto es inhumano\u201d y abandona.<\/p>\n\n\n\n<p>Despu\u00e9s, toda la historia de la aparici\u00f3n del Chava entre la niebla, superando a un Tonkov, que sigue asegurando que Jim\u00e9nez se agarr\u00f3 a un coche\u2026 Yo creo que eso es imposible, hab\u00eda much\u00edsima gente y hay fotos de casi cada palmo de la carretera, y no hay ninguna prueba de eso. Seguro que alg\u00fan empuj\u00f3n le tuvo que caer, pero eso nos cay\u00f3 a todos.<\/p>\n\n\n\n<p>Al final llegu\u00e9 s\u00e9ptimo junto a Ullrich, que a la postre ganar\u00eda la carrera. Recuerdo ese d\u00eda con mucho cari\u00f1o porque fue una jornada muy especial, llena de incidentes y de tensi\u00f3n.<\/p>\n\n\n\n<p><strong>En tu \u00e9poca como corredor, pudiste estar en todos los finales en el Angliru. \u00bfQu\u00e9 opinas del puerto m\u00e1s famoso de Espa\u00f1a?<\/strong><\/p>\n\n\n\n<p>He tenido ocasi\u00f3n de subirla en carrera en muchas ocasiones y, excepto el a\u00f1o que gan\u00f3 Simoni, casi siempre con buenas sensaciones. Adem\u00e1s, tengo muchas fotos y recuerdos porque siempre tengo mucha gente conocida siguiendo la etapa en las cunetas.<\/p>\n\n\n\n<p>Sin embargo, yo no soy partidario de esas rampas tan duras que est\u00e1n tan de moda ahora, aunque es cierto tambi\u00e9n que en el ciclismo moderno los desarrollos permiten m\u00e1s este tipo de subidas. Creo que se est\u00e1 abandonando un poco el puerto m\u00e1s largo y tendido al que est\u00e1bamos acostumbrados a ver en carreras como el Tour y el Giro. Parece que se buscan m\u00e1s subidas como el Zoncolan, Angliru, Cuitu Negru, Les Praeres\u2026 Son desniveles que yo veo desproporcionados y en los que no hay muchas diferencias.<\/p>\n\n\n\n<p>A m\u00ed me costaba entender que tuvi\u00e9ramos que montar tres platos y tener a los mec\u00e1nicos trabajando d\u00eda y noche para poder subir un puerto como el Angliru. A\u00f1or\u00e1bamos el ciclismo de los Coppi o Merckx, pero and\u00e1bamos haciendo cosas como esa.<\/p>\n\n\n\n<p>Aunque est\u00e1 claro tambi\u00e9n que las audiencias responden y de ah\u00ed vienen los sponsors.<\/p>\n\n\n\n<figure class=\"wp-block-image size-large\"><img fetchpriority=\"high\" decoding=\"async\" width=\"1024\" height=\"1024\" src=\"https:\/\/www.jmatesanz.com\/wp-content\/uploads\/2026\/03\/rubiera-giro-1997-falzes-1024x1024.jpg\" alt=\"\" class=\"wp-image-1557\" srcset=\"https:\/\/www.jmatesanz.com\/wp-content\/uploads\/2026\/03\/rubiera-giro-1997-falzes-1024x1024.jpg 1024w, https:\/\/www.jmatesanz.com\/wp-content\/uploads\/2026\/03\/rubiera-giro-1997-falzes-300x300.jpg 300w, https:\/\/www.jmatesanz.com\/wp-content\/uploads\/2026\/03\/rubiera-giro-1997-falzes-150x150.jpg 150w, https:\/\/www.jmatesanz.com\/wp-content\/uploads\/2026\/03\/rubiera-giro-1997-falzes-768x768.jpg 768w, https:\/\/www.jmatesanz.com\/wp-content\/uploads\/2026\/03\/rubiera-giro-1997-falzes-53x53.jpg 53w, https:\/\/www.jmatesanz.com\/wp-content\/uploads\/2026\/03\/rubiera-giro-1997-falzes-100x100.jpg 100w, https:\/\/www.jmatesanz.com\/wp-content\/uploads\/2026\/03\/rubiera-giro-1997-falzes-76x76.jpg 76w, https:\/\/www.jmatesanz.com\/wp-content\/uploads\/2026\/03\/rubiera-giro-1997-falzes.jpg 1080w\" sizes=\"(max-width: 1024px) 100vw, 1024px\" \/><\/figure>\n\n\n\n<p><strong>En el 2000 en Kelme gan\u00e1is la Vuelta con Heras y tanto \u00e9l como t\u00fa fich\u00e1is por US Postal. \u00bfC\u00f3mo surge aquel cambio?<\/strong><\/p>\n\n\n\n<p>Por mi parte, al acabar la Vuelta me llam\u00f3 Johan Bruyneel y me dijo que necesitaban fortalecer el equipo de cara a la monta\u00f1a y hab\u00edan pensado en m\u00ed. Habl\u00e9 con Kelme, porque estaba muy a gusto all\u00ed, pero sab\u00eda que, con el presupuesto del equipo, le resultaba dif\u00edcil mantener a tanta gente fuerte. As\u00ed surgi\u00f3 mi fichaje por US Postal.<\/p>\n\n\n\n<p>El caso de Roberto Heras yo lo supe bastante despu\u00e9s de haber firmado, y la verdad que fue una gran noticia para m\u00ed, porque empezando en algo tan distinto se agradece tener gente conocida cerca y que hable tu idioma. Cuando llegamos los dos a Estados Unidos, parec\u00edamos Paco Mart\u00ednez Soria, no habl\u00e1bamos ingl\u00e9s y era todo un mundo nuevo para nosotros.<\/p>\n\n\n\n<p><strong>\u00bfCu\u00e1les fueron los principales cambios que notaste de Kelme a US Postal?<\/strong><\/p>\n\n\n\n<p>El ambiente era completamente distinto, m\u00e1s fr\u00edo y profesional. Pero era lo que necesit\u00e1bamos para nuestros objetivos, mejorar sobre la bicicleta. A nivel de entrenamientos la mejora era sustancial. Seg\u00fan llegamos al equipo, nos pidieron poner un potenci\u00f3metro, cuando en el a\u00f1o 2001 no lo utilizaba nadie.<\/p>\n\n\n\n<p>Las concentraciones de cara al Tour era algo muy llamativo tambi\u00e9n. \u00cdbamos todo el equipo a hacer recorridos de etapas con Armstrong para visualizar la carrera. Eso en Kelme era impensable. Tanto por presupuesto como por tradici\u00f3n. Creo que Johan y Lance en eso y en muchas otras cosas fueron visionarios y pioneros, y muchas cosas de la preparaci\u00f3n se siguen manteniendo en los equipos de hoy en d\u00eda.<\/p>\n\n\n\n<p><strong>Lance Armstrong siempre se mostraba muy fino y f\u00edsicamente muy bien desde el principio de temporada, en una \u00e9poca en la que muchos parec\u00edan dejarse llevar en invierno. \u00bfC\u00f3mo era el tejano en los entrenamientos?<\/strong><\/p>\n\n\n\n<p>Como deportista yo no conoc\u00ed a nadie como Armstrong en cuanto a preparaci\u00f3n f\u00edsica y mental para sus objetivos. \u00c9l ten\u00eda una capacidad incre\u00edble para ponerse en forma, e incluso sus ejercicios en el gimnasio eran m\u00e1s suaves que los del resto porque ten\u00eda mucha facilidad para coger musculatura. Su capacidad gen\u00e9tica y muscular era otra dimensi\u00f3n respecto al resto del equipo.<\/p>\n\n\n\n<p>Si lo comparas con otros corredores de su \u00e9poca, se nota mucho esa diferencia. Jan Ullrich por ejemplo, llegaba siempre pasado de peso al inicio de temporada. Se dec\u00eda de \u00e9l que en los entrenamientos era capaz de pararse en un bar de carretera y zamparse un brazo de gitana entero.<\/p>\n\n\n\n<p>Recuerdo una Vuelta a Murcia en la que yo estaba bastante bien, y Lance estaba todav\u00eda cogiendo forma, pero ya estaba muy fino f\u00edsicamente. Cuando terminamos me dijo que me fuera con \u00e9l a entrenar a Tenerife. Yo intentaba hacer la carga de trabajo que \u00e9l hac\u00eda, pero esa carga de trabajo solo estaba al alcance de una bestia como \u00e9l. Despu\u00e9s nos fuimos a una carrera a Francia y me tuve que bajar de la bici porque no pod\u00eda ni con el&nbsp;<em>culotte<\/em>; y \u00e9l la gan\u00f3.<\/p>\n\n\n\n<p><strong>\u00bfY c\u00f3mo era el corredor americano en el trato personal?<\/strong><\/p>\n\n\n\n<p>Todo el mundo tiene la imagen de Lance que \u00e9l daba de puertas para fuera, con los medios o la gente que no conoc\u00eda, de persona distante e incluso arrogante. Sin embargo, con la gente de confianza siempre fue muy atento, muy generoso y agradecido con los que le ayud\u00e1bamos en el Tour.<\/p>\n\n\n\n<p><strong>H\u00e1blanos de tu primer Tour de Francia en 2001, en el que te estrenas como gregario de Lance en su gran objetivo del a\u00f1o.<\/strong><\/p>\n\n\n\n<p>Sal\u00edamos de Dunkerque. En el equipo estaba C\u00e9dric Vasseur, pero se qued\u00f3 fuera del Tour, y ya desde el primer d\u00eda los franceses nos recibieron con abucheos y cr\u00edticas.<\/p>\n\n\n\n<p>Para aquel Tour hab\u00edamos llegado un bloque nuevo de gente para la monta\u00f1a, pero creo que en las concentraciones previas nos hab\u00edamos exigido demasiado y no todos estaban con las piernas que esper\u00e1bamos. Est\u00e1bamos en la zona roja de lo que el cuerpo puede asimilar e hizo que algunos corredores muy buenos como Heras o Van de Velde no dieran el rendimiento que se presum\u00eda.<\/p>\n\n\n\n<p>Sin embargo, yo hab\u00eda estado parado antes del Tour por una condropat\u00eda tras la Bicicleta Vasca, y creo que eso hizo que yo me librara de ese baj\u00f3n que tuvieron otros corredores del equipo.<\/p>\n\n\n\n<p>Me encontr\u00e9 muy bien en aquel Tour, para ser mi debut pod\u00eda estar muy satisfecho.<\/p>\n\n\n\n<p><strong>Recordamos la etapa del Alpe d\u2019Huez de esa edici\u00f3n. Lance parec\u00eda ir a cola sufriendo y Telekom pone ritmo con Guerini, pero cuando llega la m\u00edtica ascensi\u00f3n, aparece Chechu Rubiera con un arranque de puerto memorable. Ese d\u00eda los titulares eran para Lance, pero t\u00fa ocupaste un lugar protagonista en las cr\u00f3nicas. \u00bfC\u00f3mo te sentiste?<\/strong><\/p>\n\n\n\n<p>La clave de ese d\u00eda fue la interpretaci\u00f3n de Armstrong. En el primer puerto ya nos quedamos solos Lance, Roberto y yo, y ve\u00edamos que no \u00edbamos a poder controlar la carrera porque est\u00e1bamos muy lejos de meta. As\u00ed que la estrategia de Johan, pero sobre todo de Lance, fue ir a cola para hacer que otros tomaran el control. \u00c9l mismo nos dijo que ir\u00eda atr\u00e1s, dando sensaci\u00f3n de ir mal, y que as\u00ed el Telekom querr\u00eda dar ritmo a la carrera y no tendr\u00edamos que trabajar.<\/p>\n\n\n\n<p>Sali\u00f3 el guion como esper\u00e1bamos y cuando llegamos a pie de Alpe d\u2019Huez, Lance me dijo que me fuera para adelante y atac\u00e1ramos. La verdad que yo pequ\u00e9 de ganas y del \u00edmpetu de ser mi primer Tour e hice un cambio de ritmo demasiado brusco, porque no es normal dejar al l\u00edder delante a nueve kil\u00f3metros de meta. Lo normal hubiera sido regular m\u00e1s el ritmo y aguantar un poco m\u00e1s haciendo una selecci\u00f3n progresiva, como hice en a\u00f1os posteriores. Pero \u00e9l iba detr\u00e1s y me dec\u00eda&nbsp;<em>Go, go, go!&nbsp;<\/em>y yo me dije: \u201cpues a tope hasta que reviente\u201d.<\/p>\n\n\n\n<p>Cuando veo las im\u00e1genes me doy cuenta de c\u00f3mo reviento, literalmente paro de dar pedales. Y \u00e9l mira hacia atr\u00e1s, ve c\u00f3mo est\u00e1n todos, y sigue manteniendo esa velocidad hasta la cima. Ah\u00ed sentenci\u00f3 el Tour porque la superioridad con la que gan\u00f3 aquella etapa fue arrolladora.<\/p>\n\n\n\n<p><strong>\u00bfY t\u00fa c\u00f3mo llegaste hasta arriba?<\/strong><\/p>\n\n\n\n<p>Es una situaci\u00f3n que se repite durante todos los a\u00f1os que corro con Armstrong. Yo marco el ritmo que me pide Lance hasta que no puedo m\u00e1s, me aparto y subo tranquilamente, recuperando para estar lo mejor posible al d\u00eda siguiente. Creo que para mi trabajo era mucho mejor eso que estar retorci\u00e9ndome para hacer un top 20 en la general.<\/p>\n\n\n\n<p>Recuerdo un d\u00eda que le dije a Lance que est\u00e1bamos segundos en la clasificaci\u00f3n por equipos y yo levantaba el pie todos los d\u00edas. \u00c9l cogi\u00f3 las hojas de las clasificaciones, se fue a la primera p\u00e1gina donde ven\u00eda la general individual y me dijo: \u201cesta es la que nos tiene que importar. Haces bien tu trabajo, as\u00ed que sigue as\u00ed\u201d.<\/p>\n\n\n\n<p>Adem\u00e1s, eso me permit\u00eda vivir las subidas finales de otra manera, disfrutando tambi\u00e9n del p\u00fablico, sobre todo en Pirineos donde siempre encontrabas incluso a amigos y a gente conocida.<\/p>\n\n\n\n<p><strong>\u00bfC\u00f3mo viviste la sucesi\u00f3n de cinco Tours que vencisteis con US Postal? \u00bfQuiz\u00e1s fue en 2003 donde m\u00e1s dif\u00edcil lo visteis?<\/strong><\/p>\n\n\n\n<p>El de 2003 fue un a\u00f1o muy dif\u00edcil para Lance. Se separ\u00f3 de su mujer, en Dauphin\u00e9 tuvo una ca\u00edda en la que se hizo un corte y perdi\u00f3 bastante sangre, una semana antes del Tour tuvo una intoxicaci\u00f3n alimenticia\u2026 Empez\u00f3 cruzado desde el principio.<\/p>\n\n\n\n<p>Para m\u00ed ese Tour lo salv\u00f3 en Luz Ardiden, el d\u00eda que se cay\u00f3 con Mayo al engancharse con una bolsa. Lanz\u00f3 un ataque final que creo que fue clave para salvar el Tour. Creo que, si Ullrich hubiera sabido ver la debilidad oculta de Lance, se habr\u00eda llevado ese Tour. Recuerdo que en la crono final est\u00e1bamos todos viendo la etapa con miedo, sabiendo que podr\u00edamos a perder la carrera. La ca\u00edda del alem\u00e1n fue lo que nos hizo ver que ten\u00edamos el amarillo en las manos.<\/p>\n\n\n\n<p>Pienso que Jan llevaba tantos a\u00f1os ya sin poder batir a Lance, que se hab\u00eda hecho m\u00e1s conservador, y eso nos favoreci\u00f3.<\/p>\n\n\n\n<p><strong>\u00bfHubo alg\u00fan d\u00eda concreto en ese Tour en el que vieras que Lance estaba especialmente mal o que pod\u00eda sufrir m\u00e1s de lo habitual?<\/strong><\/p>\n\n\n\n<p>Hubo una etapa en la que me met\u00ed en una fuga muy grande de salida, el d\u00eda que gan\u00f3 Carlos Sastre en Ax 3 Domaines. Mi posici\u00f3n era muy ventajosa porque no necesitaba dar relevo a nadie. La gente se fue quedando y a pie de Pailh\u00e8res, Johan me dijo que tirara a por la etapa. Puse ritmo y en la subida me qued\u00e9 solo en cabeza. En el valle de aproximaci\u00f3n a la ascensi\u00f3n final, me cogieron Sastre y Mercado, pero yo me ve\u00eda muy bien.<\/p>\n\n\n\n<p>Cuando llev\u00e1bamos un par de kil\u00f3metros de ascensi\u00f3n, Johan me mand\u00f3 parara porque Lance iba solo. Esper\u00e9 a Armstrong y le puse un ritmo, pero ve\u00eda que yo iba muy bien y en algunos momentos se me iba la mano con la fuerza. En un par de ocasiones Lance me dio un grito para que bajara el pist\u00f3n. En uno de esos gritos, Ullrich se dio cuenta y arranc\u00f3 a tres de meta, y Lance no pudo seguirlo. Creo que ese d\u00eda, si Jan ataca antes, se lleva el Tour de Francia.<\/p>\n\n\n\n<p>A m\u00ed se me qued\u00f3 la espinita clavada porque creo que ten\u00eda piernas para ganar la etapa, aunque sab\u00eda cu\u00e1l era mi funci\u00f3n en el equipo.<\/p>\n\n\n\n<p><strong>\u00bfC\u00f3mo fue el regreso de Lance en 2009?<\/strong><\/p>\n\n\n\n<p>Est\u00e1bamos en Vuelta a Espa\u00f1a 2008, en Astana, con Contador ganando la carrera, y empezamos a leer en redes que alguien dec\u00eda que Lance volv\u00eda al ciclismo. Al principio nos lo tomamos un poco a risa y hac\u00edamos bromas con el rumor, pero Alberto estaba con la mosca detr\u00e1s de la oreja, creo que ten\u00eda ya algo m\u00e1s de informaci\u00f3n.<\/p>\n\n\n\n<p>Se confirma entonces su llegada al equipo y hacemos una primera concentraci\u00f3n en Tenerife. Ah\u00ed la cosa ya pinta muy mal, porque se ve\u00eda que aquellos dos gallos eran incapaces de convivir en el mismo corral.<\/p>\n\n\n\n<p>Afortunadamente yo no estuve en aquel Tour, porque creo que fue algo m\u00e1s que dif\u00edcil de gestionar, con momentos de much\u00edsima tensi\u00f3n.<\/p>\n\n\n\n<p>El ambiente en el equipo era insufrible. Parece que siempre ten\u00edas que posicionarte por alguno de los dos para todo, y eso no es manera de funcionar en ning\u00fan caso.<\/p>\n\n\n\n<p>Creo que, con el tiempo, todos coincidimos en que su regreso fue una mala decisi\u00f3n. Si no hubiera vuelto, creo que la situaci\u00f3n habr\u00eda sido distinta para \u00e9l.<\/p>\n\n\n\n<p><strong>Despu\u00e9s de aquel convulso 2009, se separan los caminos en Astana y t\u00fa te vas con Armstrong a RadioSchack. Ese momento debi\u00f3 de ser complicado porque todos miraban qui\u00e9n era fiel a Contador y qui\u00e9n se iba con Lance.<\/strong><\/p>\n\n\n\n<p>En Astana el ambiente estaba muy enrarecido y yo ten\u00eda una gran relaci\u00f3n con Lance y Johan, as\u00ed que me parec\u00eda una decisi\u00f3n buena para m\u00ed. Adem\u00e1s, Astana no me ofreci\u00f3 seguir, as\u00ed que tampoco me lo pusieron muy dif\u00edcil.<\/p>\n\n\n\n<p><strong>Ese 2010, tu \u00faltimo a\u00f1o, le ponen tu nombre a una cima de la Vuelta a Espa\u00f1a, Cotobello, y te quedas sin subirlo.<\/strong><\/p>\n\n\n\n<p>Fue duro, porque no nos invitaron a la Vuelta y me habr\u00eda encantado participar como \u00faltimo a\u00f1o de mi carrera y subir a Cotobello, que es un puerto muy bonito.<\/p>\n\n\n\n<p><strong>\u00bfSigues saliendo en bicicleta? \u00bfC\u00f3mo vives el ciclismo actualmente?<\/strong><\/p>\n\n\n\n<p>Ahora disfruto del ciclismo mucho m\u00e1s, como cuando era alev\u00edn o juvenil. Cuando eres profesional, y m\u00e1s en un equipo como el de Lance, te metes en una exigencia y una presi\u00f3n constante que te mina y te causa estr\u00e9s. Es verdad que cuando est\u00e1s bien, se disfruta porque te ves fuerte, pero cuando las cosas est\u00e1n mal es muy duro. Cuando veo\u00a0noticias como las de Dumoulin o Mart\u00edn Bouzas, lo entiendo perfectamente.<\/p>\n\n\n\n<p>En cambio, actualmente puedo salir con la bicicleta, disfrutar de la gente, los paisajes, pararme cuando quiero, ponerme a prueba cuando me apetece\u2026 es un aut\u00e9ntico placer.<\/p>\n\n\n\n<p><strong>Siendo asturiano, habr\u00e1s podido entrenar por muchas zonas interesantes. \u00bfCu\u00e1l era tu puerto preferido a la hora de entrenar?<\/strong><\/p>\n\n\n\n<p>La Cubilla\u00a0es un puerto al que iba mucho cuando quer\u00eda hacer subidas largas tipo Tour o Giro. Es una subida que no tiene mucho desnivel, pero en la que puedes trabajar el umbral de vatios y mantenerlo durante 40-45 minutos. Eso en Asturias no es f\u00e1cil porque, o son puertos m\u00e1s cortos, o son subidas con desniveles muy fuertes en los que es m\u00e1s complicado mantener una cadencia y hacer ese tipo de trabajo.<\/p>\n\n\n\n<p>En mi entorno hay multitud de puertos, aunque suelen ser m\u00e1s cortos, pero preciosos. Adem\u00e1s, hay mucha variedad para disfrutar de la bicicleta.<\/p>\n\n\n\n<p><strong>\u00bfCrees que se aprovecha bien Asturias en la Vuelta a Espa\u00f1a, a nivel de recorridos?<\/strong><\/p>\n\n\n\n<p>Creo que s\u00ed, y lo demuestra Javier Guill\u00e9n, que siempre hace patente lo que supone a nivel medi\u00e1tico traer la Vuelta a esta regi\u00f3n, porque permite hacer trazados espectaculares. Hay muchos escenarios para ofrecer novedades, aunque creo que hay demasiada variaci\u00f3n por los intereses y las presiones de los concejos en busca de atractivos tur\u00edsticos. Si echas la vista atr\u00e1s ves que hay subidas a las que se les dio mucha publicidad y se han subido ese a\u00f1o solamente.<\/p>\n\n\n\n<p>Este a\u00f1o se estrena el Gamoniteiru, que se adapta mucho m\u00e1s a lo que a m\u00ed me gusta, a esos puertos largos y duros que deportivamente son m\u00e1s interesantes.<\/p>\n\n\n\n<p>Pienso que en Asturias ser\u00eda posible y bonito hacer un circuito tipo Campeonato del Mundo, con alto kilometraje y con una subida exigente, en la zona centro donde se concentra la mayor\u00eda de la poblaci\u00f3n. Creo que ser\u00eda espectacular porque adem\u00e1s tendr\u00eda mucho p\u00fablico presente. Si tuviera capacidad de decisi\u00f3n en la Vuelta, apostar\u00eda por algo de ese estilo.<\/p>\n\n\n\n<p>De todas formas, creo que en la Vuelta a Espa\u00f1a se est\u00e1 haciendo un gran trabajo y se est\u00e1n viendo carreras espectaculares. En lo deportivo creo que est\u00e1 comiendo terreno al Giro y al Tour. Especialmente en el Tour, en los \u00faltimos a\u00f1os hay ediciones que me han resultado hasta aburridas, muy predecibles.<\/p>\n\n\n\n<p><strong>\u00bfCu\u00e1l es el puerto donde peor lo has pasado como corredor?<\/strong><\/p>\n\n\n\n<p>M\u00e1s que del puerto, depende mucho de en qu\u00e9 estado te encuentras cuando afrontas la subida. Tengo recuerdos de sufrir mucho, tanto en lo f\u00edsico como en lo psicol\u00f3gico en el Tourmalet, Angliru, Mortirolo, Zoncolan\u2026 te podr\u00eda decir muchos.<\/p>\n\n\n\n<p><strong>Si tuvieras que destacar al mejor corredor con el que hayas convivido, a nivel m\u00e1s humano que deportivo, \u00bfcon qui\u00e9n te quedar\u00edas?.<\/strong><\/p>\n\n\n\n<p>Tengo mucha suerte porque cuento con muy buenos amigos. Podr\u00eda decirte unos cuantos y me dejar\u00eda alguno por el camino. Por darte un ejemplo de los \u00faltimos a\u00f1os, me lo pas\u00e9 especialmente bien con\u00a0Markel Ir\u00edzar, una persona que transmite un optimismo y unas ganas de vivir que merecen mucho la pena.<\/p>\n\n\n\n<p>Tambi\u00e9n destacar\u00eda a Triki Beltr\u00e1n, con el que compart\u00ed muchos momentos en US Postal, una persona muy alegre. O a Javier Pascual, al que veo mucho porque vive en Le\u00f3n y con quien ya compart\u00ed equipo en amateurs en Banesto y en profesionales en Kelme.<\/p>\n\n\n\n<p>En el deporte de competici\u00f3n, con tantas horas lejos de casa, creas tu propia familia con la que tienes relaci\u00f3n para toda la vida.<\/p>\n\n\n\n<p><strong>Has corrido con Indurain, Bugno, Pantani, Armstrong, Ullrich, Contador\u2026 H\u00e1blanos de alguno de ellos.<\/strong><\/p>\n\n\n\n<p>A Miguel Indurain le sigo teniendo total admiraci\u00f3n hoy en d\u00eda, tanto a nivel deportivo como humano. En el pelot\u00f3n jam\u00e1s ten\u00eda una mala palabra para nadie, transmit\u00eda much\u00edsima humildad.<\/p>\n\n\n\n<p>Recuerdo en una Vuelta a los Valles Mineros, en la que Marcos Serrano le hizo un movimiento brusco delante, que casi lo tira al suelo. Indurain reaccion\u00f3 levantando el pu\u00f1o ante el susto, pero no dijo ni una palabra, cuando otro habr\u00eda soltado toda una retah\u00edla de insultos y malas palabras. Para m\u00ed eso fue una demostraci\u00f3n de clase. En lo deportivo recuerdo sus arrancadas en las carreras de inicio de temporada.<\/p>\n\n\n\n<p>En una Vuelta a la Rioja, se nos fue una fuga y nos pusimos Artiach, Euskadi y alg\u00fan equipo m\u00e1s a tirar a muerte y no hab\u00eda manera de cerrar el hueco. Cuando llegamos a meta pregunt\u00e9 c\u00f3mo hab\u00edan ido tan organizados delante para poder rodar as\u00ed, y me dijeron que solo tiraba Indurain.<\/p>\n\n\n\n<p>Marco Pantani era un espect\u00e1culo como escalador. Cuando arrancaba era impresionante verlo flotar sobre los pedales. Tambi\u00e9n era muy respetuoso, muy callado, introvertido, quiz\u00e1s demasiado. Era muy raro verlo hablar con alguien. Siempre iba en el pelot\u00f3n rodeado de sus compa\u00f1eros de equipo, en una especie de burbuja.<\/p>\n\n\n\n<p><strong>Un sue\u00f1o que te haya quedado por cumplir como ciclista.<\/strong><\/p>\n\n\n\n<p>Me hubiese haber ganado etapa en las tres grandes, como G\u00e1rate o Lastras. Yo solo gan\u00e9 en el Giro; aunque me qued\u00e9 muy cerca alguna vez en la Vuelta y en el Tour.<\/p>\n\n\n\n<p><strong>\u00bfQu\u00e9 opinas del ciclismo actual? \u00bfQu\u00e9 medidas tomar\u00edas para mejorar la competitividad en las grandes vueltas?<\/strong><\/p>\n\n\n\n<p>Yo soy partidario de reducir el n\u00famero de corredores por equipo en las grandes vueltas. Creo que, si el l\u00edder se queda solo antes, ser\u00eda un aliciente importante, y permitir\u00eda tambi\u00e9n que hubiera m\u00e1s equipos para mover la carrera.<\/p>\n\n\n\n<p>Es incre\u00edble ver lo que han ido creciendo los presupuestos de los equipos. Yo que ven\u00eda de Artiach, o incluso Kelme, que eran equipos econ\u00f3micamente modestos, hasta lo que hay ahora, se multiplica casi por cien.<\/p>\n\n\n\n<p><strong>\u00bfA qu\u00e9 te dedicas actualmente? \u00bfSigues entrenado a los j\u00f3venes ciclistas asturianos?<\/strong><\/p>\n\n\n\n<p>Estuve echando una mano en la Federaci\u00f3n, con los juveniles, donde disfrut\u00e9 mucho y tuve a corredores como Iv\u00e1n Cortina. Pero cuando empez\u00f3 todo el esc\u00e1ndalo de Armstrong, decid\u00ed desvincularme de la Federaci\u00f3n para que no hubiera problemas. Ahora echo una mano a todo el que me lo pide, pero de manera puntual y desinteresada, como con la Escuela Ciclista de Las Mestas. Sigo muy vinculado a la bicicleta porque trabajo en la marca asturiana <a href=\"https:\/\/mmrbikes.com\/?srsltid=AfmBOopJfi8TqW5jTCbZSmOR4-dQs6AM1QOuR3JhgQ5gCTbmSONcs_6i\" target=\"_blank\" rel=\"noopener\" title=\"\">MMR<\/a>.<\/p>\n\n\n\n<p><strong><em>Foto \u00a9 EFE<\/em><\/strong><\/p>\n\n\n\n<p><\/p>\n","protected":false},"excerpt":{"rendered":"<p>Durante mucho tiempo considerado como uno de los mejores gregarios del pelot\u00f3n, al servicio del rodillo de US Postal, el asturiano Chechu Rubiera es uno de los ciclistas m\u00e1s queridos y reconocidos en su regi\u00f3n. Gran escalador, todav\u00eda muchos recuerdan sus cabalgadas en el Giro de Italia con el verdiblanco del legendario equipo Kelme, que [&hellip;]<\/p>\n","protected":false},"author":2,"featured_media":1550,"comment_status":"open","ping_status":"open","sticky":false,"template":"","format":"standard","meta":{"_monsterinsights_skip_tracking":false,"_monsterinsights_sitenote_active":false,"_monsterinsights_sitenote_note":"","_monsterinsights_sitenote_category":0,"footnotes":""},"categories":[38],"tags":[576,623,130,343,207,626,625,624,424],"class_list":["post-1531","post","type-post","status-publish","format-standard","has-post-thumbnail","hentry","category-articulos","tag-asturias","tag-chechu-rubiera","tag-ciclismo-espanol","tag-entrevista","tag-kelme","tag-las-mestas","tag-mmr","tag-radioshack","tag-us-postal"],"yoast_head":"<!-- This site is optimized with the Yoast SEO plugin v27.3 - https:\/\/yoast.com\/product\/yoast-seo-wordpress\/ -->\n<title>Entrevista a Chechu Rubiera: &quot;El Giro siempre me ha gustado&quot; - Jorge Matesanz<\/title>\n<meta name=\"robots\" content=\"index, follow, max-snippet:-1, max-image-preview:large, max-video-preview:-1\" \/>\n<link rel=\"canonical\" href=\"https:\/\/www.jmatesanz.com\/index.php\/2026\/03\/10\/entrevista-a-chechu-rubiera-las-contrarrelojes-marcaron-mi-carrera\/\" \/>\n<meta property=\"og:locale\" content=\"es_ES\" \/>\n<meta property=\"og:type\" content=\"article\" \/>\n<meta property=\"og:title\" content=\"Entrevista a Chechu Rubiera: &quot;El Giro siempre me ha gustado&quot; - Jorge Matesanz\" \/>\n<meta property=\"og:description\" content=\"Durante mucho tiempo considerado como uno de los mejores gregarios del pelot\u00f3n, al servicio del rodillo de US Postal, el asturiano Chechu Rubiera es uno de los ciclistas m\u00e1s queridos y reconocidos en su regi\u00f3n. Gran escalador, todav\u00eda muchos recuerdan sus cabalgadas en el Giro de Italia con el verdiblanco del legendario equipo Kelme, que [&hellip;]\" \/>\n<meta property=\"og:url\" content=\"https:\/\/www.jmatesanz.com\/index.php\/2026\/03\/10\/entrevista-a-chechu-rubiera-las-contrarrelojes-marcaron-mi-carrera\/\" \/>\n<meta property=\"og:site_name\" content=\"Jorge Matesanz\" \/>\n<meta property=\"article:published_time\" content=\"2026-03-10T05:00:00+00:00\" \/>\n<meta property=\"og:image\" content=\"https:\/\/www.jmatesanz.com\/wp-content\/uploads\/2026\/03\/rubiera.webp\" \/>\n\t<meta property=\"og:image:width\" content=\"640\" \/>\n\t<meta property=\"og:image:height\" content=\"360\" \/>\n\t<meta property=\"og:image:type\" content=\"image\/webp\" \/>\n<meta name=\"author\" content=\"Jorge Matesanz\" \/>\n<meta name=\"twitter:card\" content=\"summary_large_image\" \/>\n<meta name=\"twitter:label1\" content=\"Escrito por\" \/>\n\t<meta name=\"twitter:data1\" content=\"Jorge Matesanz\" \/>\n\t<meta name=\"twitter:label2\" content=\"Tiempo de lectura\" \/>\n\t<meta name=\"twitter:data2\" content=\"28 minutos\" \/>\n<script type=\"application\/ld+json\" class=\"yoast-schema-graph\">{\"@context\":\"https:\\\/\\\/schema.org\",\"@graph\":[{\"@type\":\"Article\",\"@id\":\"https:\\\/\\\/www.jmatesanz.com\\\/index.php\\\/2026\\\/03\\\/10\\\/entrevista-a-chechu-rubiera-las-contrarrelojes-marcaron-mi-carrera\\\/#article\",\"isPartOf\":{\"@id\":\"https:\\\/\\\/www.jmatesanz.com\\\/index.php\\\/2026\\\/03\\\/10\\\/entrevista-a-chechu-rubiera-las-contrarrelojes-marcaron-mi-carrera\\\/\"},\"author\":{\"name\":\"Jorge Matesanz\",\"@id\":\"https:\\\/\\\/www.jmatesanz.com\\\/#\\\/schema\\\/person\\\/31889a4ed689fe34fdda08b7a6fa2bdb\"},\"headline\":\"Entrevista a Chechu Rubiera: \u00abEl Giro siempre me ha gustado\u00bb\",\"datePublished\":\"2026-03-10T05:00:00+00:00\",\"mainEntityOfPage\":{\"@id\":\"https:\\\/\\\/www.jmatesanz.com\\\/index.php\\\/2026\\\/03\\\/10\\\/entrevista-a-chechu-rubiera-las-contrarrelojes-marcaron-mi-carrera\\\/\"},\"wordCount\":5510,\"commentCount\":0,\"publisher\":{\"@id\":\"https:\\\/\\\/www.jmatesanz.com\\\/#organization\"},\"image\":{\"@id\":\"https:\\\/\\\/www.jmatesanz.com\\\/index.php\\\/2026\\\/03\\\/10\\\/entrevista-a-chechu-rubiera-las-contrarrelojes-marcaron-mi-carrera\\\/#primaryimage\"},\"thumbnailUrl\":\"https:\\\/\\\/www.jmatesanz.com\\\/wp-content\\\/uploads\\\/2026\\\/03\\\/rubiera.webp\",\"keywords\":[\"asturias\",\"chechu rubiera\",\"ciclismo espa\u00f1ol\",\"entrevista\",\"kelme\",\"las mestas\",\"mmr\",\"radioshack\",\"us postal\"],\"articleSection\":[\"Art\u00edculos\"],\"inLanguage\":\"es\",\"potentialAction\":[{\"@type\":\"CommentAction\",\"name\":\"Comment\",\"target\":[\"https:\\\/\\\/www.jmatesanz.com\\\/index.php\\\/2026\\\/03\\\/10\\\/entrevista-a-chechu-rubiera-las-contrarrelojes-marcaron-mi-carrera\\\/#respond\"]}]},{\"@type\":\"WebPage\",\"@id\":\"https:\\\/\\\/www.jmatesanz.com\\\/index.php\\\/2026\\\/03\\\/10\\\/entrevista-a-chechu-rubiera-las-contrarrelojes-marcaron-mi-carrera\\\/\",\"url\":\"https:\\\/\\\/www.jmatesanz.com\\\/index.php\\\/2026\\\/03\\\/10\\\/entrevista-a-chechu-rubiera-las-contrarrelojes-marcaron-mi-carrera\\\/\",\"name\":\"Entrevista a Chechu Rubiera: \\\"El Giro siempre me ha gustado\\\" - Jorge Matesanz\",\"isPartOf\":{\"@id\":\"https:\\\/\\\/www.jmatesanz.com\\\/#website\"},\"primaryImageOfPage\":{\"@id\":\"https:\\\/\\\/www.jmatesanz.com\\\/index.php\\\/2026\\\/03\\\/10\\\/entrevista-a-chechu-rubiera-las-contrarrelojes-marcaron-mi-carrera\\\/#primaryimage\"},\"image\":{\"@id\":\"https:\\\/\\\/www.jmatesanz.com\\\/index.php\\\/2026\\\/03\\\/10\\\/entrevista-a-chechu-rubiera-las-contrarrelojes-marcaron-mi-carrera\\\/#primaryimage\"},\"thumbnailUrl\":\"https:\\\/\\\/www.jmatesanz.com\\\/wp-content\\\/uploads\\\/2026\\\/03\\\/rubiera.webp\",\"datePublished\":\"2026-03-10T05:00:00+00:00\",\"breadcrumb\":{\"@id\":\"https:\\\/\\\/www.jmatesanz.com\\\/index.php\\\/2026\\\/03\\\/10\\\/entrevista-a-chechu-rubiera-las-contrarrelojes-marcaron-mi-carrera\\\/#breadcrumb\"},\"inLanguage\":\"es\",\"potentialAction\":[{\"@type\":\"ReadAction\",\"target\":[\"https:\\\/\\\/www.jmatesanz.com\\\/index.php\\\/2026\\\/03\\\/10\\\/entrevista-a-chechu-rubiera-las-contrarrelojes-marcaron-mi-carrera\\\/\"]}]},{\"@type\":\"ImageObject\",\"inLanguage\":\"es\",\"@id\":\"https:\\\/\\\/www.jmatesanz.com\\\/index.php\\\/2026\\\/03\\\/10\\\/entrevista-a-chechu-rubiera-las-contrarrelojes-marcaron-mi-carrera\\\/#primaryimage\",\"url\":\"https:\\\/\\\/www.jmatesanz.com\\\/wp-content\\\/uploads\\\/2026\\\/03\\\/rubiera.webp\",\"contentUrl\":\"https:\\\/\\\/www.jmatesanz.com\\\/wp-content\\\/uploads\\\/2026\\\/03\\\/rubiera.webp\",\"width\":640,\"height\":360},{\"@type\":\"BreadcrumbList\",\"@id\":\"https:\\\/\\\/www.jmatesanz.com\\\/index.php\\\/2026\\\/03\\\/10\\\/entrevista-a-chechu-rubiera-las-contrarrelojes-marcaron-mi-carrera\\\/#breadcrumb\",\"itemListElement\":[{\"@type\":\"ListItem\",\"position\":1,\"name\":\"Portada\",\"item\":\"https:\\\/\\\/www.jmatesanz.com\\\/\"},{\"@type\":\"ListItem\",\"position\":2,\"name\":\"Entrevista a Chechu Rubiera: \u00abEl Giro siempre me ha gustado\u00bb\"}]},{\"@type\":\"WebSite\",\"@id\":\"https:\\\/\\\/www.jmatesanz.com\\\/#website\",\"url\":\"https:\\\/\\\/www.jmatesanz.com\\\/\",\"name\":\"Jorge Matesanz\",\"description\":\"Mi ciclismo, mis opiniones, mis visiones, mis mundos\",\"publisher\":{\"@id\":\"https:\\\/\\\/www.jmatesanz.com\\\/#organization\"},\"potentialAction\":[{\"@type\":\"SearchAction\",\"target\":{\"@type\":\"EntryPoint\",\"urlTemplate\":\"https:\\\/\\\/www.jmatesanz.com\\\/?s={search_term_string}\"},\"query-input\":{\"@type\":\"PropertyValueSpecification\",\"valueRequired\":true,\"valueName\":\"search_term_string\"}}],\"inLanguage\":\"es\"},{\"@type\":\"Organization\",\"@id\":\"https:\\\/\\\/www.jmatesanz.com\\\/#organization\",\"name\":\"Jorge Matesanz\",\"url\":\"https:\\\/\\\/www.jmatesanz.com\\\/\",\"logo\":{\"@type\":\"ImageObject\",\"inLanguage\":\"es\",\"@id\":\"https:\\\/\\\/www.jmatesanz.com\\\/#\\\/schema\\\/logo\\\/image\\\/\",\"url\":\"https:\\\/\\\/www.jmatesanz.com\\\/wp-content\\\/uploads\\\/2025\\\/11\\\/cropped-cropped-cropped-LOGO_JORGE_MATESANZ_WEB.png\",\"contentUrl\":\"https:\\\/\\\/www.jmatesanz.com\\\/wp-content\\\/uploads\\\/2025\\\/11\\\/cropped-cropped-cropped-LOGO_JORGE_MATESANZ_WEB.png\",\"width\":500,\"height\":500,\"caption\":\"Jorge Matesanz\"},\"image\":{\"@id\":\"https:\\\/\\\/www.jmatesanz.com\\\/#\\\/schema\\\/logo\\\/image\\\/\"}},{\"@type\":\"Person\",\"@id\":\"https:\\\/\\\/www.jmatesanz.com\\\/#\\\/schema\\\/person\\\/31889a4ed689fe34fdda08b7a6fa2bdb\",\"name\":\"Jorge Matesanz\",\"image\":{\"@type\":\"ImageObject\",\"inLanguage\":\"es\",\"@id\":\"https:\\\/\\\/secure.gravatar.com\\\/avatar\\\/98c9e6a0a73a0299f2727febb12e61d8324aba2bee0e8c0a8e36be01c5bdcc0b?s=96&d=mm&r=g\",\"url\":\"https:\\\/\\\/secure.gravatar.com\\\/avatar\\\/98c9e6a0a73a0299f2727febb12e61d8324aba2bee0e8c0a8e36be01c5bdcc0b?s=96&d=mm&r=g\",\"contentUrl\":\"https:\\\/\\\/secure.gravatar.com\\\/avatar\\\/98c9e6a0a73a0299f2727febb12e61d8324aba2bee0e8c0a8e36be01c5bdcc0b?s=96&d=mm&r=g\",\"caption\":\"Jorge Matesanz\"},\"url\":\"https:\\\/\\\/www.jmatesanz.com\\\/index.php\\\/author\\\/jmatesanz\\\/\"}]}<\/script>\n<!-- \/ Yoast SEO plugin. -->","yoast_head_json":{"title":"Entrevista a Chechu Rubiera: \"El Giro siempre me ha gustado\" - Jorge Matesanz","robots":{"index":"index","follow":"follow","max-snippet":"max-snippet:-1","max-image-preview":"max-image-preview:large","max-video-preview":"max-video-preview:-1"},"canonical":"https:\/\/www.jmatesanz.com\/index.php\/2026\/03\/10\/entrevista-a-chechu-rubiera-las-contrarrelojes-marcaron-mi-carrera\/","og_locale":"es_ES","og_type":"article","og_title":"Entrevista a Chechu Rubiera: \"El Giro siempre me ha gustado\" - Jorge Matesanz","og_description":"Durante mucho tiempo considerado como uno de los mejores gregarios del pelot\u00f3n, al servicio del rodillo de US Postal, el asturiano Chechu Rubiera es uno de los ciclistas m\u00e1s queridos y reconocidos en su regi\u00f3n. Gran escalador, todav\u00eda muchos recuerdan sus cabalgadas en el Giro de Italia con el verdiblanco del legendario equipo Kelme, que [&hellip;]","og_url":"https:\/\/www.jmatesanz.com\/index.php\/2026\/03\/10\/entrevista-a-chechu-rubiera-las-contrarrelojes-marcaron-mi-carrera\/","og_site_name":"Jorge Matesanz","article_published_time":"2026-03-10T05:00:00+00:00","og_image":[{"width":640,"height":360,"url":"https:\/\/www.jmatesanz.com\/wp-content\/uploads\/2026\/03\/rubiera.webp","type":"image\/webp"}],"author":"Jorge Matesanz","twitter_card":"summary_large_image","twitter_misc":{"Escrito por":"Jorge Matesanz","Tiempo de lectura":"28 minutos"},"schema":{"@context":"https:\/\/schema.org","@graph":[{"@type":"Article","@id":"https:\/\/www.jmatesanz.com\/index.php\/2026\/03\/10\/entrevista-a-chechu-rubiera-las-contrarrelojes-marcaron-mi-carrera\/#article","isPartOf":{"@id":"https:\/\/www.jmatesanz.com\/index.php\/2026\/03\/10\/entrevista-a-chechu-rubiera-las-contrarrelojes-marcaron-mi-carrera\/"},"author":{"name":"Jorge Matesanz","@id":"https:\/\/www.jmatesanz.com\/#\/schema\/person\/31889a4ed689fe34fdda08b7a6fa2bdb"},"headline":"Entrevista a Chechu Rubiera: \u00abEl Giro siempre me ha gustado\u00bb","datePublished":"2026-03-10T05:00:00+00:00","mainEntityOfPage":{"@id":"https:\/\/www.jmatesanz.com\/index.php\/2026\/03\/10\/entrevista-a-chechu-rubiera-las-contrarrelojes-marcaron-mi-carrera\/"},"wordCount":5510,"commentCount":0,"publisher":{"@id":"https:\/\/www.jmatesanz.com\/#organization"},"image":{"@id":"https:\/\/www.jmatesanz.com\/index.php\/2026\/03\/10\/entrevista-a-chechu-rubiera-las-contrarrelojes-marcaron-mi-carrera\/#primaryimage"},"thumbnailUrl":"https:\/\/www.jmatesanz.com\/wp-content\/uploads\/2026\/03\/rubiera.webp","keywords":["asturias","chechu rubiera","ciclismo espa\u00f1ol","entrevista","kelme","las mestas","mmr","radioshack","us postal"],"articleSection":["Art\u00edculos"],"inLanguage":"es","potentialAction":[{"@type":"CommentAction","name":"Comment","target":["https:\/\/www.jmatesanz.com\/index.php\/2026\/03\/10\/entrevista-a-chechu-rubiera-las-contrarrelojes-marcaron-mi-carrera\/#respond"]}]},{"@type":"WebPage","@id":"https:\/\/www.jmatesanz.com\/index.php\/2026\/03\/10\/entrevista-a-chechu-rubiera-las-contrarrelojes-marcaron-mi-carrera\/","url":"https:\/\/www.jmatesanz.com\/index.php\/2026\/03\/10\/entrevista-a-chechu-rubiera-las-contrarrelojes-marcaron-mi-carrera\/","name":"Entrevista a Chechu Rubiera: \"El Giro siempre me ha gustado\" - Jorge Matesanz","isPartOf":{"@id":"https:\/\/www.jmatesanz.com\/#website"},"primaryImageOfPage":{"@id":"https:\/\/www.jmatesanz.com\/index.php\/2026\/03\/10\/entrevista-a-chechu-rubiera-las-contrarrelojes-marcaron-mi-carrera\/#primaryimage"},"image":{"@id":"https:\/\/www.jmatesanz.com\/index.php\/2026\/03\/10\/entrevista-a-chechu-rubiera-las-contrarrelojes-marcaron-mi-carrera\/#primaryimage"},"thumbnailUrl":"https:\/\/www.jmatesanz.com\/wp-content\/uploads\/2026\/03\/rubiera.webp","datePublished":"2026-03-10T05:00:00+00:00","breadcrumb":{"@id":"https:\/\/www.jmatesanz.com\/index.php\/2026\/03\/10\/entrevista-a-chechu-rubiera-las-contrarrelojes-marcaron-mi-carrera\/#breadcrumb"},"inLanguage":"es","potentialAction":[{"@type":"ReadAction","target":["https:\/\/www.jmatesanz.com\/index.php\/2026\/03\/10\/entrevista-a-chechu-rubiera-las-contrarrelojes-marcaron-mi-carrera\/"]}]},{"@type":"ImageObject","inLanguage":"es","@id":"https:\/\/www.jmatesanz.com\/index.php\/2026\/03\/10\/entrevista-a-chechu-rubiera-las-contrarrelojes-marcaron-mi-carrera\/#primaryimage","url":"https:\/\/www.jmatesanz.com\/wp-content\/uploads\/2026\/03\/rubiera.webp","contentUrl":"https:\/\/www.jmatesanz.com\/wp-content\/uploads\/2026\/03\/rubiera.webp","width":640,"height":360},{"@type":"BreadcrumbList","@id":"https:\/\/www.jmatesanz.com\/index.php\/2026\/03\/10\/entrevista-a-chechu-rubiera-las-contrarrelojes-marcaron-mi-carrera\/#breadcrumb","itemListElement":[{"@type":"ListItem","position":1,"name":"Portada","item":"https:\/\/www.jmatesanz.com\/"},{"@type":"ListItem","position":2,"name":"Entrevista a Chechu Rubiera: \u00abEl Giro siempre me ha gustado\u00bb"}]},{"@type":"WebSite","@id":"https:\/\/www.jmatesanz.com\/#website","url":"https:\/\/www.jmatesanz.com\/","name":"Jorge Matesanz","description":"Mi ciclismo, mis opiniones, mis visiones, mis mundos","publisher":{"@id":"https:\/\/www.jmatesanz.com\/#organization"},"potentialAction":[{"@type":"SearchAction","target":{"@type":"EntryPoint","urlTemplate":"https:\/\/www.jmatesanz.com\/?s={search_term_string}"},"query-input":{"@type":"PropertyValueSpecification","valueRequired":true,"valueName":"search_term_string"}}],"inLanguage":"es"},{"@type":"Organization","@id":"https:\/\/www.jmatesanz.com\/#organization","name":"Jorge Matesanz","url":"https:\/\/www.jmatesanz.com\/","logo":{"@type":"ImageObject","inLanguage":"es","@id":"https:\/\/www.jmatesanz.com\/#\/schema\/logo\/image\/","url":"https:\/\/www.jmatesanz.com\/wp-content\/uploads\/2025\/11\/cropped-cropped-cropped-LOGO_JORGE_MATESANZ_WEB.png","contentUrl":"https:\/\/www.jmatesanz.com\/wp-content\/uploads\/2025\/11\/cropped-cropped-cropped-LOGO_JORGE_MATESANZ_WEB.png","width":500,"height":500,"caption":"Jorge Matesanz"},"image":{"@id":"https:\/\/www.jmatesanz.com\/#\/schema\/logo\/image\/"}},{"@type":"Person","@id":"https:\/\/www.jmatesanz.com\/#\/schema\/person\/31889a4ed689fe34fdda08b7a6fa2bdb","name":"Jorge Matesanz","image":{"@type":"ImageObject","inLanguage":"es","@id":"https:\/\/secure.gravatar.com\/avatar\/98c9e6a0a73a0299f2727febb12e61d8324aba2bee0e8c0a8e36be01c5bdcc0b?s=96&d=mm&r=g","url":"https:\/\/secure.gravatar.com\/avatar\/98c9e6a0a73a0299f2727febb12e61d8324aba2bee0e8c0a8e36be01c5bdcc0b?s=96&d=mm&r=g","contentUrl":"https:\/\/secure.gravatar.com\/avatar\/98c9e6a0a73a0299f2727febb12e61d8324aba2bee0e8c0a8e36be01c5bdcc0b?s=96&d=mm&r=g","caption":"Jorge Matesanz"},"url":"https:\/\/www.jmatesanz.com\/index.php\/author\/jmatesanz\/"}]}},"_links":{"self":[{"href":"https:\/\/www.jmatesanz.com\/index.php\/wp-json\/wp\/v2\/posts\/1531","targetHints":{"allow":["GET"]}}],"collection":[{"href":"https:\/\/www.jmatesanz.com\/index.php\/wp-json\/wp\/v2\/posts"}],"about":[{"href":"https:\/\/www.jmatesanz.com\/index.php\/wp-json\/wp\/v2\/types\/post"}],"author":[{"embeddable":true,"href":"https:\/\/www.jmatesanz.com\/index.php\/wp-json\/wp\/v2\/users\/2"}],"replies":[{"embeddable":true,"href":"https:\/\/www.jmatesanz.com\/index.php\/wp-json\/wp\/v2\/comments?post=1531"}],"version-history":[{"count":4,"href":"https:\/\/www.jmatesanz.com\/index.php\/wp-json\/wp\/v2\/posts\/1531\/revisions"}],"predecessor-version":[{"id":1558,"href":"https:\/\/www.jmatesanz.com\/index.php\/wp-json\/wp\/v2\/posts\/1531\/revisions\/1558"}],"wp:featuredmedia":[{"embeddable":true,"href":"https:\/\/www.jmatesanz.com\/index.php\/wp-json\/wp\/v2\/media\/1550"}],"wp:attachment":[{"href":"https:\/\/www.jmatesanz.com\/index.php\/wp-json\/wp\/v2\/media?parent=1531"}],"wp:term":[{"taxonomy":"category","embeddable":true,"href":"https:\/\/www.jmatesanz.com\/index.php\/wp-json\/wp\/v2\/categories?post=1531"},{"taxonomy":"post_tag","embeddable":true,"href":"https:\/\/www.jmatesanz.com\/index.php\/wp-json\/wp\/v2\/tags?post=1531"}],"curies":[{"name":"wp","href":"https:\/\/api.w.org\/{rel}","templated":true}]}}