{"id":1565,"date":"2026-03-11T06:00:00","date_gmt":"2026-03-11T05:00:00","guid":{"rendered":"https:\/\/www.jmatesanz.com\/?p=1565"},"modified":"2026-03-11T00:23:44","modified_gmt":"2026-03-10T23:23:44","slug":"el-show-de-ben-healy","status":"publish","type":"post","link":"https:\/\/www.jmatesanz.com\/index.php\/2026\/03\/11\/el-show-de-ben-healy\/","title":{"rendered":"El show de Ben Healy"},"content":{"rendered":"\t\t<div data-elementor-type=\"wp-post\" data-elementor-id=\"1565\" class=\"elementor elementor-1565\">\n\t\t\t\t<div class=\"elementor-element elementor-element-5e079e15 e-flex e-con-boxed e-con e-parent\" data-id=\"5e079e15\" data-element_type=\"container\" data-e-type=\"container\">\n\t\t\t\t\t<div class=\"e-con-inner\">\n\t\t\t\t<div class=\"elementor-element elementor-element-5940c2db elementor-widget elementor-widget-text-editor\" data-id=\"5940c2db\" data-element_type=\"widget\" data-e-type=\"widget\" data-widget_type=\"text-editor.default\">\n\t\t\t\t\t\t\t\t\t\n<p style=\"text-align: justify;\">El carisma se tiene o no se tiene. Los \u00e1rboles (v\u00e9ase <a title=\"\" href=\"https:\/\/www.jmatesanz.com\/index.php\/2026\/03\/08\/tadej-pogacar-un-paseo-por-la-strade-bianche\/\" target=\"_blank\" rel=\"noopener\">Pogacar<\/a>, Evenepoel o VDP) a veces no dejan ver el bosque, el encanto que se refugia detr\u00e1s de ciclistas como Ben Healy. De haber habitado el ciclismo en una \u00e9poca normal, ser\u00eda sin lugar a dudas una de las grandes estrellas del momento. Es como emitir el mejor documental jam\u00e1s rodado, premio Pulitzer, en horario del Gran Hermano de su primera \u00e9poca. El irland\u00e9s, gentilicio que siempre cae simp\u00e1tico, tiene camino por recorrer hasta quiz\u00e1s alcanzar una edad en la que pase de v\u00edctima a verdugo.<\/p>\n\n<p style=\"text-align: justify;\">La vida da muchas vueltas, pero cu\u00e1nto Healy nos estaremos perdiendo por atender a tanto destello. Education First contiene en su plantilla a ciclistas de la talla de Richard Carapaz. Sin embargo, se siente que el nombre fuerte del maillot rosa es \u00e9l, el ciclista apodado \u00abThe Miner\u00bb. La combatividad y forma de implicarse en escapadas ha ganado muchas acciones en el corazoncito de los telespectadores, empujados por el aspecto desenfadado del nacido en Kingswinford (Reino Unido). Juega como un ganador y lo es. El problema es que no hay boletos a la venta en muchos de los escenarios top del ciclismo en la actualidad.<\/p>\n\n<p style=\"text-align: justify;\">Carrera donde coincida con alguno de los bestias pardas que est\u00e1n tiranizando la escena, carrera en la que solo podr\u00e1 aspirar a lo sumo a una foto compartiendo podio con ellos. Es una l\u00e1stima al tiempo que una realidad para Healy. Le falta una pizca para estar a la altura necesitada en estos momentos. Las Ardenas deber\u00edan ser sus monta\u00f1as, el coto de caza en el que este cazador deber\u00eda sentirse en casa. Es por c\u00f3mo son las subidas, tambi\u00e9n por \u00e9poca del a\u00f1o, donde las piernas de Ben florecen.<\/p>\n\n<figure class=\"wp-block-image size-large\" style=\"text-align: justify;\"><img fetchpriority=\"high\" decoding=\"async\" width=\"1024\" height=\"576\" class=\"wp-image-1575\" src=\"https:\/\/www.jmatesanz.com\/wp-content\/uploads\/2026\/03\/Ben-Healy-1024x576.jpg\" alt=\"\" srcset=\"https:\/\/www.jmatesanz.com\/wp-content\/uploads\/2026\/03\/Ben-Healy-1024x576.jpg 1024w, https:\/\/www.jmatesanz.com\/wp-content\/uploads\/2026\/03\/Ben-Healy-300x169.jpg 300w, https:\/\/www.jmatesanz.com\/wp-content\/uploads\/2026\/03\/Ben-Healy-768x432.jpg 768w, https:\/\/www.jmatesanz.com\/wp-content\/uploads\/2026\/03\/Ben-Healy-76x43.jpg 76w, https:\/\/www.jmatesanz.com\/wp-content\/uploads\/2026\/03\/Ben-Healy-100x56.jpg 100w, https:\/\/www.jmatesanz.com\/wp-content\/uploads\/2026\/03\/Ben-Healy.jpg 1184w\" sizes=\"(max-width: 1024px) 100vw, 1024px\" \/><\/figure>\n\n<p style=\"text-align: justify;\">Faltan victorias en el palmar\u00e9s. Por el momento, parece la clase de ciclista que destacar\u00e1 m\u00e1s por la calidad que por la cantidad. Corre valiente, sin complejos y sin espejos retrovisores, y he ah\u00ed uno de sus grandes debes, el derroche de bravura. As\u00ed encandila, est\u00e1 claro. Pero para su pr\u00f3ximo cumplea\u00f1os, en septiembre, no vendr\u00eda mal que sus allegados piensen en una calculadora. Esa raza m\u00e1s propia del sur que del norte de Europa es la que precisamente engancha, gana el aplauso como el escalador gana el final de la cuesta. Pero normalmente no hace ganar carreras.<\/p>\n\n<p style=\"text-align: justify;\">Healy parece, adem\u00e1s, un tipo feliz. Y eso se transmite. En un tiempo de polarizaci\u00f3n, de caos y de incertidumbre en todo el globo, encontrar una sonrisa perenne se le hace muy agradecido al espectador. El aspecto se sale de los c\u00e1nones de ciclista de pelo corto y rostro liso en consonancia con las leyes de la aerodin\u00e1mica. Ergo, se le reconoce entre tal marejada multicolor de cascos y maillots que hace del ciclismo una masa homog\u00e9nea que permite poca distinci\u00f3n y mucho camuflaje. Entre el dominante azul y el eterno rojo, destaca el rosa de ese melenas con el que todo el mundo va.<\/p>\n\n<p style=\"text-align: justify;\">El d\u00eda que gana, como adem\u00e1s es a lo grande y posterior a varios disparos al poste, se caen las redes. Solo por este hecho el irland\u00e9s se ha ganado un nicho en este deporte. Hoy en d\u00eda es m\u00e1s bandera del ciclismo ofensivo que del EF, donde no cabe otro ciclista m\u00e1s reconocible que ese melenas entra\u00f1able que sonr\u00ede y contragolpea al aburrimiento desde el esfuerzo extremo. Con un par de pizcas de sal, sabr\u00e1 mejor. Aunque por el momento el guiso desprende un olor estupendo. <a title=\"\" href=\"https:\/\/www.procyclingstats.com\/rider\/ben-healy\" target=\"_blank\" rel=\"noopener\">Healy<\/a> forever.<\/p>\n\n<p style=\"text-align: justify;\"><em><strong>Fotos \u00a9 EF<\/strong><\/em><\/p>\n\n<figure class=\"wp-block-image size-large\" style=\"text-align: justify;\"><img decoding=\"async\" width=\"1024\" height=\"576\" class=\"wp-image-850\" src=\"https:\/\/www.jmatesanz.com\/wp-content\/uploads\/2026\/01\/la-opinion-de-jorge-matesanz-1024x576.jpg\" alt=\"\" srcset=\"https:\/\/www.jmatesanz.com\/wp-content\/uploads\/2026\/01\/la-opinion-de-jorge-matesanz-1024x576.jpg 1024w, https:\/\/www.jmatesanz.com\/wp-content\/uploads\/2026\/01\/la-opinion-de-jorge-matesanz-300x169.jpg 300w, https:\/\/www.jmatesanz.com\/wp-content\/uploads\/2026\/01\/la-opinion-de-jorge-matesanz-768x432.jpg 768w, https:\/\/www.jmatesanz.com\/wp-content\/uploads\/2026\/01\/la-opinion-de-jorge-matesanz-1536x864.jpg 1536w, https:\/\/www.jmatesanz.com\/wp-content\/uploads\/2026\/01\/la-opinion-de-jorge-matesanz-76x43.jpg 76w, https:\/\/www.jmatesanz.com\/wp-content\/uploads\/2026\/01\/la-opinion-de-jorge-matesanz-100x56.jpg 100w, https:\/\/www.jmatesanz.com\/wp-content\/uploads\/2026\/01\/la-opinion-de-jorge-matesanz.jpg 1920w\" sizes=\"(max-width: 1024px) 100vw, 1024px\" \/><\/figure>\n\t\t\t\t\t\t\t\t<\/div>\n\t\t\t\t\t<\/div>\n\t\t\t\t<\/div>\n\t\t\t\t<\/div>\n\t\t","protected":false},"excerpt":{"rendered":"<p>El carisma se tiene o no se tiene. Los \u00e1rboles (v\u00e9ase Pogacar, Evenepoel o VDP) a veces no dejan ver el bosque, el encanto que se refugia detr\u00e1s de ciclistas como Ben Healy. De haber habitado el ciclismo en una \u00e9poca normal, ser\u00eda sin lugar a dudas una de las grandes estrellas del momento. Es [&hellip;]<\/p>\n","protected":false},"author":2,"featured_media":1568,"comment_status":"open","ping_status":"open","sticky":false,"template":"","format":"standard","meta":{"_monsterinsights_skip_tracking":false,"_monsterinsights_sitenote_active":false,"_monsterinsights_sitenote_note":"","_monsterinsights_sitenote_category":0,"footnotes":""},"categories":[38],"tags":[627,628,299,632,631,629,630],"class_list":["post-1565","post","type-post","status-publish","format-standard","has-post-thumbnail","hentry","category-articulos","tag-ben-healy","tag-ciclismo-irlandes","tag-ef","tag-melenas","tag-miner","tag-reino-unido","tag-tour-2025"],"yoast_head":"<!-- This site is optimized with the Yoast SEO plugin v27.3 - https:\/\/yoast.com\/product\/yoast-seo-wordpress\/ -->\n<title>El show de Ben Healy - Jorge Matesanz<\/title>\n<meta name=\"robots\" content=\"index, follow, max-snippet:-1, max-image-preview:large, max-video-preview:-1\" \/>\n<link rel=\"canonical\" href=\"https:\/\/www.jmatesanz.com\/index.php\/2026\/03\/11\/el-show-de-ben-healy\/\" \/>\n<meta property=\"og:locale\" content=\"es_ES\" \/>\n<meta property=\"og:type\" content=\"article\" \/>\n<meta property=\"og:title\" content=\"El show de Ben Healy - Jorge Matesanz\" \/>\n<meta property=\"og:description\" content=\"El carisma se tiene o no se tiene. Los \u00e1rboles (v\u00e9ase Pogacar, Evenepoel o VDP) a veces no dejan ver el bosque, el encanto que se refugia detr\u00e1s de ciclistas como Ben Healy. De haber habitado el ciclismo en una \u00e9poca normal, ser\u00eda sin lugar a dudas una de las grandes estrellas del momento. Es [&hellip;]\" \/>\n<meta property=\"og:url\" content=\"https:\/\/www.jmatesanz.com\/index.php\/2026\/03\/11\/el-show-de-ben-healy\/\" \/>\n<meta property=\"og:site_name\" content=\"Jorge Matesanz\" \/>\n<meta property=\"article:published_time\" content=\"2026-03-11T05:00:00+00:00\" \/>\n<meta property=\"og:image\" content=\"https:\/\/www.jmatesanz.com\/wp-content\/uploads\/2026\/03\/healy-ben-tour-2025-scaled.jpg\" \/>\n\t<meta property=\"og:image:width\" content=\"2560\" \/>\n\t<meta property=\"og:image:height\" content=\"1707\" \/>\n\t<meta property=\"og:image:type\" content=\"image\/jpeg\" \/>\n<meta name=\"author\" content=\"Jorge Matesanz\" \/>\n<meta name=\"twitter:card\" content=\"summary_large_image\" \/>\n<meta name=\"twitter:label1\" content=\"Escrito por\" \/>\n\t<meta name=\"twitter:data1\" content=\"Jorge Matesanz\" \/>\n\t<meta name=\"twitter:label2\" content=\"Tiempo de lectura\" \/>\n\t<meta name=\"twitter:data2\" content=\"3 minutos\" \/>\n<script type=\"application\/ld+json\" class=\"yoast-schema-graph\">{\"@context\":\"https:\\\/\\\/schema.org\",\"@graph\":[{\"@type\":\"Article\",\"@id\":\"https:\\\/\\\/www.jmatesanz.com\\\/index.php\\\/2026\\\/03\\\/11\\\/el-show-de-ben-healy\\\/#article\",\"isPartOf\":{\"@id\":\"https:\\\/\\\/www.jmatesanz.com\\\/index.php\\\/2026\\\/03\\\/11\\\/el-show-de-ben-healy\\\/\"},\"author\":{\"name\":\"Jorge Matesanz\",\"@id\":\"https:\\\/\\\/www.jmatesanz.com\\\/#\\\/schema\\\/person\\\/31889a4ed689fe34fdda08b7a6fa2bdb\"},\"headline\":\"El show de Ben Healy\",\"datePublished\":\"2026-03-11T05:00:00+00:00\",\"mainEntityOfPage\":{\"@id\":\"https:\\\/\\\/www.jmatesanz.com\\\/index.php\\\/2026\\\/03\\\/11\\\/el-show-de-ben-healy\\\/\"},\"wordCount\":628,\"commentCount\":1,\"publisher\":{\"@id\":\"https:\\\/\\\/www.jmatesanz.com\\\/#organization\"},\"image\":{\"@id\":\"https:\\\/\\\/www.jmatesanz.com\\\/index.php\\\/2026\\\/03\\\/11\\\/el-show-de-ben-healy\\\/#primaryimage\"},\"thumbnailUrl\":\"https:\\\/\\\/www.jmatesanz.com\\\/wp-content\\\/uploads\\\/2026\\\/03\\\/healy-ben-tour-2025-scaled.jpg\",\"keywords\":[\"ben healy\",\"ciclismo irlandes\",\"ef\",\"melenas\",\"miner\",\"reino unido\",\"tour 2025\"],\"articleSection\":[\"Art\u00edculos\"],\"inLanguage\":\"es\",\"potentialAction\":[{\"@type\":\"CommentAction\",\"name\":\"Comment\",\"target\":[\"https:\\\/\\\/www.jmatesanz.com\\\/index.php\\\/2026\\\/03\\\/11\\\/el-show-de-ben-healy\\\/#respond\"]}]},{\"@type\":\"WebPage\",\"@id\":\"https:\\\/\\\/www.jmatesanz.com\\\/index.php\\\/2026\\\/03\\\/11\\\/el-show-de-ben-healy\\\/\",\"url\":\"https:\\\/\\\/www.jmatesanz.com\\\/index.php\\\/2026\\\/03\\\/11\\\/el-show-de-ben-healy\\\/\",\"name\":\"El show de Ben Healy - Jorge Matesanz\",\"isPartOf\":{\"@id\":\"https:\\\/\\\/www.jmatesanz.com\\\/#website\"},\"primaryImageOfPage\":{\"@id\":\"https:\\\/\\\/www.jmatesanz.com\\\/index.php\\\/2026\\\/03\\\/11\\\/el-show-de-ben-healy\\\/#primaryimage\"},\"image\":{\"@id\":\"https:\\\/\\\/www.jmatesanz.com\\\/index.php\\\/2026\\\/03\\\/11\\\/el-show-de-ben-healy\\\/#primaryimage\"},\"thumbnailUrl\":\"https:\\\/\\\/www.jmatesanz.com\\\/wp-content\\\/uploads\\\/2026\\\/03\\\/healy-ben-tour-2025-scaled.jpg\",\"datePublished\":\"2026-03-11T05:00:00+00:00\",\"breadcrumb\":{\"@id\":\"https:\\\/\\\/www.jmatesanz.com\\\/index.php\\\/2026\\\/03\\\/11\\\/el-show-de-ben-healy\\\/#breadcrumb\"},\"inLanguage\":\"es\",\"potentialAction\":[{\"@type\":\"ReadAction\",\"target\":[\"https:\\\/\\\/www.jmatesanz.com\\\/index.php\\\/2026\\\/03\\\/11\\\/el-show-de-ben-healy\\\/\"]}]},{\"@type\":\"ImageObject\",\"inLanguage\":\"es\",\"@id\":\"https:\\\/\\\/www.jmatesanz.com\\\/index.php\\\/2026\\\/03\\\/11\\\/el-show-de-ben-healy\\\/#primaryimage\",\"url\":\"https:\\\/\\\/www.jmatesanz.com\\\/wp-content\\\/uploads\\\/2026\\\/03\\\/healy-ben-tour-2025-scaled.jpg\",\"contentUrl\":\"https:\\\/\\\/www.jmatesanz.com\\\/wp-content\\\/uploads\\\/2026\\\/03\\\/healy-ben-tour-2025-scaled.jpg\",\"width\":2560,\"height\":1707},{\"@type\":\"BreadcrumbList\",\"@id\":\"https:\\\/\\\/www.jmatesanz.com\\\/index.php\\\/2026\\\/03\\\/11\\\/el-show-de-ben-healy\\\/#breadcrumb\",\"itemListElement\":[{\"@type\":\"ListItem\",\"position\":1,\"name\":\"Portada\",\"item\":\"https:\\\/\\\/www.jmatesanz.com\\\/\"},{\"@type\":\"ListItem\",\"position\":2,\"name\":\"El show de Ben Healy\"}]},{\"@type\":\"WebSite\",\"@id\":\"https:\\\/\\\/www.jmatesanz.com\\\/#website\",\"url\":\"https:\\\/\\\/www.jmatesanz.com\\\/\",\"name\":\"Jorge Matesanz\",\"description\":\"Mi ciclismo, mis opiniones, mis visiones, mis mundos\",\"publisher\":{\"@id\":\"https:\\\/\\\/www.jmatesanz.com\\\/#organization\"},\"potentialAction\":[{\"@type\":\"SearchAction\",\"target\":{\"@type\":\"EntryPoint\",\"urlTemplate\":\"https:\\\/\\\/www.jmatesanz.com\\\/?s={search_term_string}\"},\"query-input\":{\"@type\":\"PropertyValueSpecification\",\"valueRequired\":true,\"valueName\":\"search_term_string\"}}],\"inLanguage\":\"es\"},{\"@type\":\"Organization\",\"@id\":\"https:\\\/\\\/www.jmatesanz.com\\\/#organization\",\"name\":\"Jorge Matesanz\",\"url\":\"https:\\\/\\\/www.jmatesanz.com\\\/\",\"logo\":{\"@type\":\"ImageObject\",\"inLanguage\":\"es\",\"@id\":\"https:\\\/\\\/www.jmatesanz.com\\\/#\\\/schema\\\/logo\\\/image\\\/\",\"url\":\"https:\\\/\\\/www.jmatesanz.com\\\/wp-content\\\/uploads\\\/2025\\\/11\\\/cropped-cropped-cropped-LOGO_JORGE_MATESANZ_WEB.png\",\"contentUrl\":\"https:\\\/\\\/www.jmatesanz.com\\\/wp-content\\\/uploads\\\/2025\\\/11\\\/cropped-cropped-cropped-LOGO_JORGE_MATESANZ_WEB.png\",\"width\":500,\"height\":500,\"caption\":\"Jorge Matesanz\"},\"image\":{\"@id\":\"https:\\\/\\\/www.jmatesanz.com\\\/#\\\/schema\\\/logo\\\/image\\\/\"}},{\"@type\":\"Person\",\"@id\":\"https:\\\/\\\/www.jmatesanz.com\\\/#\\\/schema\\\/person\\\/31889a4ed689fe34fdda08b7a6fa2bdb\",\"name\":\"Jorge Matesanz\",\"image\":{\"@type\":\"ImageObject\",\"inLanguage\":\"es\",\"@id\":\"https:\\\/\\\/secure.gravatar.com\\\/avatar\\\/98c9e6a0a73a0299f2727febb12e61d8324aba2bee0e8c0a8e36be01c5bdcc0b?s=96&d=mm&r=g\",\"url\":\"https:\\\/\\\/secure.gravatar.com\\\/avatar\\\/98c9e6a0a73a0299f2727febb12e61d8324aba2bee0e8c0a8e36be01c5bdcc0b?s=96&d=mm&r=g\",\"contentUrl\":\"https:\\\/\\\/secure.gravatar.com\\\/avatar\\\/98c9e6a0a73a0299f2727febb12e61d8324aba2bee0e8c0a8e36be01c5bdcc0b?s=96&d=mm&r=g\",\"caption\":\"Jorge Matesanz\"},\"url\":\"https:\\\/\\\/www.jmatesanz.com\\\/index.php\\\/author\\\/jmatesanz\\\/\"}]}<\/script>\n<!-- \/ Yoast SEO plugin. -->","yoast_head_json":{"title":"El show de Ben Healy - Jorge Matesanz","robots":{"index":"index","follow":"follow","max-snippet":"max-snippet:-1","max-image-preview":"max-image-preview:large","max-video-preview":"max-video-preview:-1"},"canonical":"https:\/\/www.jmatesanz.com\/index.php\/2026\/03\/11\/el-show-de-ben-healy\/","og_locale":"es_ES","og_type":"article","og_title":"El show de Ben Healy - Jorge Matesanz","og_description":"El carisma se tiene o no se tiene. Los \u00e1rboles (v\u00e9ase Pogacar, Evenepoel o VDP) a veces no dejan ver el bosque, el encanto que se refugia detr\u00e1s de ciclistas como Ben Healy. De haber habitado el ciclismo en una \u00e9poca normal, ser\u00eda sin lugar a dudas una de las grandes estrellas del momento. Es [&hellip;]","og_url":"https:\/\/www.jmatesanz.com\/index.php\/2026\/03\/11\/el-show-de-ben-healy\/","og_site_name":"Jorge Matesanz","article_published_time":"2026-03-11T05:00:00+00:00","og_image":[{"width":2560,"height":1707,"url":"https:\/\/www.jmatesanz.com\/wp-content\/uploads\/2026\/03\/healy-ben-tour-2025-scaled.jpg","type":"image\/jpeg"}],"author":"Jorge Matesanz","twitter_card":"summary_large_image","twitter_misc":{"Escrito por":"Jorge Matesanz","Tiempo de lectura":"3 minutos"},"schema":{"@context":"https:\/\/schema.org","@graph":[{"@type":"Article","@id":"https:\/\/www.jmatesanz.com\/index.php\/2026\/03\/11\/el-show-de-ben-healy\/#article","isPartOf":{"@id":"https:\/\/www.jmatesanz.com\/index.php\/2026\/03\/11\/el-show-de-ben-healy\/"},"author":{"name":"Jorge Matesanz","@id":"https:\/\/www.jmatesanz.com\/#\/schema\/person\/31889a4ed689fe34fdda08b7a6fa2bdb"},"headline":"El show de Ben Healy","datePublished":"2026-03-11T05:00:00+00:00","mainEntityOfPage":{"@id":"https:\/\/www.jmatesanz.com\/index.php\/2026\/03\/11\/el-show-de-ben-healy\/"},"wordCount":628,"commentCount":1,"publisher":{"@id":"https:\/\/www.jmatesanz.com\/#organization"},"image":{"@id":"https:\/\/www.jmatesanz.com\/index.php\/2026\/03\/11\/el-show-de-ben-healy\/#primaryimage"},"thumbnailUrl":"https:\/\/www.jmatesanz.com\/wp-content\/uploads\/2026\/03\/healy-ben-tour-2025-scaled.jpg","keywords":["ben healy","ciclismo irlandes","ef","melenas","miner","reino unido","tour 2025"],"articleSection":["Art\u00edculos"],"inLanguage":"es","potentialAction":[{"@type":"CommentAction","name":"Comment","target":["https:\/\/www.jmatesanz.com\/index.php\/2026\/03\/11\/el-show-de-ben-healy\/#respond"]}]},{"@type":"WebPage","@id":"https:\/\/www.jmatesanz.com\/index.php\/2026\/03\/11\/el-show-de-ben-healy\/","url":"https:\/\/www.jmatesanz.com\/index.php\/2026\/03\/11\/el-show-de-ben-healy\/","name":"El show de Ben Healy - Jorge Matesanz","isPartOf":{"@id":"https:\/\/www.jmatesanz.com\/#website"},"primaryImageOfPage":{"@id":"https:\/\/www.jmatesanz.com\/index.php\/2026\/03\/11\/el-show-de-ben-healy\/#primaryimage"},"image":{"@id":"https:\/\/www.jmatesanz.com\/index.php\/2026\/03\/11\/el-show-de-ben-healy\/#primaryimage"},"thumbnailUrl":"https:\/\/www.jmatesanz.com\/wp-content\/uploads\/2026\/03\/healy-ben-tour-2025-scaled.jpg","datePublished":"2026-03-11T05:00:00+00:00","breadcrumb":{"@id":"https:\/\/www.jmatesanz.com\/index.php\/2026\/03\/11\/el-show-de-ben-healy\/#breadcrumb"},"inLanguage":"es","potentialAction":[{"@type":"ReadAction","target":["https:\/\/www.jmatesanz.com\/index.php\/2026\/03\/11\/el-show-de-ben-healy\/"]}]},{"@type":"ImageObject","inLanguage":"es","@id":"https:\/\/www.jmatesanz.com\/index.php\/2026\/03\/11\/el-show-de-ben-healy\/#primaryimage","url":"https:\/\/www.jmatesanz.com\/wp-content\/uploads\/2026\/03\/healy-ben-tour-2025-scaled.jpg","contentUrl":"https:\/\/www.jmatesanz.com\/wp-content\/uploads\/2026\/03\/healy-ben-tour-2025-scaled.jpg","width":2560,"height":1707},{"@type":"BreadcrumbList","@id":"https:\/\/www.jmatesanz.com\/index.php\/2026\/03\/11\/el-show-de-ben-healy\/#breadcrumb","itemListElement":[{"@type":"ListItem","position":1,"name":"Portada","item":"https:\/\/www.jmatesanz.com\/"},{"@type":"ListItem","position":2,"name":"El show de Ben Healy"}]},{"@type":"WebSite","@id":"https:\/\/www.jmatesanz.com\/#website","url":"https:\/\/www.jmatesanz.com\/","name":"Jorge Matesanz","description":"Mi ciclismo, mis opiniones, mis visiones, mis mundos","publisher":{"@id":"https:\/\/www.jmatesanz.com\/#organization"},"potentialAction":[{"@type":"SearchAction","target":{"@type":"EntryPoint","urlTemplate":"https:\/\/www.jmatesanz.com\/?s={search_term_string}"},"query-input":{"@type":"PropertyValueSpecification","valueRequired":true,"valueName":"search_term_string"}}],"inLanguage":"es"},{"@type":"Organization","@id":"https:\/\/www.jmatesanz.com\/#organization","name":"Jorge Matesanz","url":"https:\/\/www.jmatesanz.com\/","logo":{"@type":"ImageObject","inLanguage":"es","@id":"https:\/\/www.jmatesanz.com\/#\/schema\/logo\/image\/","url":"https:\/\/www.jmatesanz.com\/wp-content\/uploads\/2025\/11\/cropped-cropped-cropped-LOGO_JORGE_MATESANZ_WEB.png","contentUrl":"https:\/\/www.jmatesanz.com\/wp-content\/uploads\/2025\/11\/cropped-cropped-cropped-LOGO_JORGE_MATESANZ_WEB.png","width":500,"height":500,"caption":"Jorge Matesanz"},"image":{"@id":"https:\/\/www.jmatesanz.com\/#\/schema\/logo\/image\/"}},{"@type":"Person","@id":"https:\/\/www.jmatesanz.com\/#\/schema\/person\/31889a4ed689fe34fdda08b7a6fa2bdb","name":"Jorge Matesanz","image":{"@type":"ImageObject","inLanguage":"es","@id":"https:\/\/secure.gravatar.com\/avatar\/98c9e6a0a73a0299f2727febb12e61d8324aba2bee0e8c0a8e36be01c5bdcc0b?s=96&d=mm&r=g","url":"https:\/\/secure.gravatar.com\/avatar\/98c9e6a0a73a0299f2727febb12e61d8324aba2bee0e8c0a8e36be01c5bdcc0b?s=96&d=mm&r=g","contentUrl":"https:\/\/secure.gravatar.com\/avatar\/98c9e6a0a73a0299f2727febb12e61d8324aba2bee0e8c0a8e36be01c5bdcc0b?s=96&d=mm&r=g","caption":"Jorge Matesanz"},"url":"https:\/\/www.jmatesanz.com\/index.php\/author\/jmatesanz\/"}]}},"_links":{"self":[{"href":"https:\/\/www.jmatesanz.com\/index.php\/wp-json\/wp\/v2\/posts\/1565","targetHints":{"allow":["GET"]}}],"collection":[{"href":"https:\/\/www.jmatesanz.com\/index.php\/wp-json\/wp\/v2\/posts"}],"about":[{"href":"https:\/\/www.jmatesanz.com\/index.php\/wp-json\/wp\/v2\/types\/post"}],"author":[{"embeddable":true,"href":"https:\/\/www.jmatesanz.com\/index.php\/wp-json\/wp\/v2\/users\/2"}],"replies":[{"embeddable":true,"href":"https:\/\/www.jmatesanz.com\/index.php\/wp-json\/wp\/v2\/comments?post=1565"}],"version-history":[{"count":11,"href":"https:\/\/www.jmatesanz.com\/index.php\/wp-json\/wp\/v2\/posts\/1565\/revisions"}],"predecessor-version":[{"id":1585,"href":"https:\/\/www.jmatesanz.com\/index.php\/wp-json\/wp\/v2\/posts\/1565\/revisions\/1585"}],"wp:featuredmedia":[{"embeddable":true,"href":"https:\/\/www.jmatesanz.com\/index.php\/wp-json\/wp\/v2\/media\/1568"}],"wp:attachment":[{"href":"https:\/\/www.jmatesanz.com\/index.php\/wp-json\/wp\/v2\/media?parent=1565"}],"wp:term":[{"taxonomy":"category","embeddable":true,"href":"https:\/\/www.jmatesanz.com\/index.php\/wp-json\/wp\/v2\/categories?post=1565"},{"taxonomy":"post_tag","embeddable":true,"href":"https:\/\/www.jmatesanz.com\/index.php\/wp-json\/wp\/v2\/tags?post=1565"}],"curies":[{"name":"wp","href":"https:\/\/api.w.org\/{rel}","templated":true}]}}