{"id":1586,"date":"2026-03-13T06:00:00","date_gmt":"2026-03-13T05:00:00","guid":{"rendered":"https:\/\/www.jmatesanz.com\/?p=1586"},"modified":"2026-03-11T23:05:29","modified_gmt":"2026-03-11T22:05:29","slug":"col-du-tourmalet-la-meca-del-cicloturismo","status":"publish","type":"post","link":"https:\/\/www.jmatesanz.com\/index.php\/2026\/03\/13\/col-du-tourmalet-la-meca-del-cicloturismo\/","title":{"rendered":"Col du Tourmalet, la meca del cicloturismo"},"content":{"rendered":"\n<p>La carretera del Col du Tourmalet escala hasta alcanzar los 2115 metros y erigirse como la cima m\u00e1s elevada en los Pirineos entre los mitos del <a href=\"https:\/\/www.jmatesanz.com\/index.php\/2026\/01\/31\/tour-de-francia-2026-equipos-y-ciclistas-mas-importantes\/\" target=\"_blank\" rel=\"noopener\" title=\"\">Tour de Francia<\/a>, carrera que lo ha visitado en unas sesenta ocasiones.<\/p>\n\n\n\n<figure class=\"wp-block-image size-large\"><img fetchpriority=\"high\" decoding=\"async\" width=\"1024\" height=\"694\" src=\"https:\/\/www.jmatesanz.com\/wp-content\/uploads\/2026\/03\/tourmalet-oeste-1024x694.png\" alt=\"\" class=\"wp-image-1592\" srcset=\"https:\/\/www.jmatesanz.com\/wp-content\/uploads\/2026\/03\/tourmalet-oeste-1024x694.png 1024w, https:\/\/www.jmatesanz.com\/wp-content\/uploads\/2026\/03\/tourmalet-oeste-300x203.png 300w, https:\/\/www.jmatesanz.com\/wp-content\/uploads\/2026\/03\/tourmalet-oeste-768x520.png 768w, https:\/\/www.jmatesanz.com\/wp-content\/uploads\/2026\/03\/tourmalet-oeste-76x51.png 76w, https:\/\/www.jmatesanz.com\/wp-content\/uploads\/2026\/03\/tourmalet-oeste-100x68.png 100w, https:\/\/www.jmatesanz.com\/wp-content\/uploads\/2026\/03\/tourmalet-oeste.png 1194w\" sizes=\"(max-width: 1024px) 100vw, 1024px\" \/><\/figure>\n\n\n\n<p>Ya sea por el mito que en 1911 se empez\u00f3 a generar por las historias que recorrieron todo el mundo sobre los h\u00e9roes que coronaban esta \u00e9pica subida o ya sea por lo majestuoso de su perfil y paisajes, el hecho es que este magn\u00edfico col rezuma historia y leyenda. <\/p>\n\n\n\n<figure class=\"wp-block-image size-full\"><img decoding=\"async\" width=\"509\" height=\"434\" src=\"https:\/\/www.jmatesanz.com\/wp-content\/uploads\/2026\/03\/tourmalet-este.gif\" alt=\"\" class=\"wp-image-1593\"\/><\/figure>\n\n\n\n<p>Es una de las palabras m\u00e1s reconocibles de Francia junto a Par\u00eds, la Torre Eiffel o cualquier monumento natural o artificial que represente al pa\u00eds galo en todo el mundo. Ambas vertientes son dur\u00edsimas y largu\u00edsimas. Proceden de valles que observan con dificultad el Pic du Midi, a cuya cima se puede acceder con bicicleta de monta\u00f1a o un funicular. <\/p>\n\n\n\n<p>Se habl\u00f3 de acondicionar el observatorio para acoger una etapa del Tour de Francia, algo tan excesivo como innecesario. La propia cima del Tourmalet ha acogido ya etapas del Tour y de la Vuelta, punto decisivo de tantas otras y escenario del sufrimiento constante y por goteo de miles y miles de cicloturistas que se acercan a conocer in situ c\u00f3mo se las gasta el rey de los Pirineos.<\/p>\n\n\n\n<figure class=\"wp-block-image size-full is-resized\"><img decoding=\"async\" width=\"640\" height=\"480\" src=\"https:\/\/www.jmatesanz.com\/wp-content\/uploads\/2026\/03\/tourmalet-6.jpg\" alt=\"\" class=\"wp-image-1594\" style=\"width:727px;height:auto\" srcset=\"https:\/\/www.jmatesanz.com\/wp-content\/uploads\/2026\/03\/tourmalet-6.jpg 640w, https:\/\/www.jmatesanz.com\/wp-content\/uploads\/2026\/03\/tourmalet-6-300x225.jpg 300w, https:\/\/www.jmatesanz.com\/wp-content\/uploads\/2026\/03\/tourmalet-6-71x53.jpg 71w, https:\/\/www.jmatesanz.com\/wp-content\/uploads\/2026\/03\/tourmalet-6-100x75.jpg 100w, https:\/\/www.jmatesanz.com\/wp-content\/uploads\/2026\/03\/tourmalet-6-76x57.jpg 76w\" sizes=\"(max-width: 640px) 100vw, 640px\" \/><\/figure>\n\n\n\n<p><strong>Vertiente de Saint Marie de Campan<\/strong><\/p>\n\n\n\n<p>El valle de Campan se encuentra a unos 800 metros sobre el nivel del mar. Desde la localidad de Sainte Marie arranca una carretera hist\u00f3rica que empieza a apuntar al cielo de forma discreta en un primer momento. Porcentajes en torno al 4% que ayudan a calentar las piernas. <\/p>\n\n\n\n<p>4-5 kil\u00f3metros que nos pueden llevar a enga\u00f1o, ya que nada absolutamente tendr\u00e1n que ver con los 13 \u00faltimos, donde la pendiente se instala en el 8% perenne y ya no va a bajar de ah\u00ed hasta que coronemos. Hay zonas m\u00e1s dif\u00edciles al paso por las galer\u00edas y La Mongie, la estaci\u00f3n de esqu\u00ed de esta cara del Tourmalet.<\/p>\n\n\n\n<figure class=\"wp-block-image size-large is-resized\"><img loading=\"lazy\" decoding=\"async\" width=\"1024\" height=\"683\" src=\"https:\/\/www.jmatesanz.com\/wp-content\/uploads\/2026\/03\/16885748079323-1024x683.jpg\" alt=\"\" class=\"wp-image-1595\" style=\"aspect-ratio:1.4992888417882142;width:701px;height:auto\" srcset=\"https:\/\/www.jmatesanz.com\/wp-content\/uploads\/2026\/03\/16885748079323-1024x683.jpg 1024w, https:\/\/www.jmatesanz.com\/wp-content\/uploads\/2026\/03\/16885748079323-300x200.jpg 300w, https:\/\/www.jmatesanz.com\/wp-content\/uploads\/2026\/03\/16885748079323-768x512.jpg 768w, https:\/\/www.jmatesanz.com\/wp-content\/uploads\/2026\/03\/16885748079323-1536x1024.jpg 1536w, https:\/\/www.jmatesanz.com\/wp-content\/uploads\/2026\/03\/16885748079323-76x51.jpg 76w, https:\/\/www.jmatesanz.com\/wp-content\/uploads\/2026\/03\/16885748079323-100x67.jpg 100w, https:\/\/www.jmatesanz.com\/wp-content\/uploads\/2026\/03\/16885748079323.jpg 1980w\" sizes=\"(max-width: 1024px) 100vw, 1024px\" \/><\/figure>\n\n\n\n<p>En cambio, el asfalto es bueno, permite deslizar por mucho que en alguna zona la carretera se encuentre algo parcheada. Tanto para subir como para bajar, ning\u00fan problema por esta vertiente. El trazado tiende a ser rectil\u00edneo en gran parte de la subida hasta pasar el desv\u00edo a la estaci\u00f3n, cuyos edificios iremos superando en altura poco a poco hasta dejar bien abajo. <\/p>\n\n\n\n<p>Aqu\u00ed empezar\u00e1 a serpentear y ganar metros de altitud a base de un trazado m\u00e1s rabioso y m\u00e1s de alta monta\u00f1a, con carretera ya m\u00e1s estrecha y en peor condici\u00f3n (siempre transitable).<\/p>\n\n\n\n<figure class=\"wp-block-image size-full is-resized\"><img loading=\"lazy\" decoding=\"async\" width=\"640\" height=\"480\" src=\"https:\/\/www.jmatesanz.com\/wp-content\/uploads\/2026\/03\/tourmalet-4.jpg\" alt=\"\" class=\"wp-image-1596\" style=\"width:734px;height:auto\" srcset=\"https:\/\/www.jmatesanz.com\/wp-content\/uploads\/2026\/03\/tourmalet-4.jpg 640w, https:\/\/www.jmatesanz.com\/wp-content\/uploads\/2026\/03\/tourmalet-4-300x225.jpg 300w, https:\/\/www.jmatesanz.com\/wp-content\/uploads\/2026\/03\/tourmalet-4-71x53.jpg 71w, https:\/\/www.jmatesanz.com\/wp-content\/uploads\/2026\/03\/tourmalet-4-100x75.jpg 100w, https:\/\/www.jmatesanz.com\/wp-content\/uploads\/2026\/03\/tourmalet-4-76x57.jpg 76w\" sizes=\"(max-width: 640px) 100vw, 640px\" \/><\/figure>\n\n\n\n<p><strong>Vertiente de Luz Saint Sauveur<\/strong><\/p>\n\n\n\n<p>Si la vertiente de Campan es bien conocida, no lo es menos la que asciende desde el valle opuesto. Arrancamos el Luz Saint Sauveur para superar una monta\u00f1a que nos va a exigir durante 19 kil\u00f3metros. <\/p>\n\n\n\n<p>Ya casi desde el pueblo la carretera empieza a empinarse de forma constante e importante, con porcentajes que oscilan entre el 6 y el 9% durante bastantes kil\u00f3metros. Las zonas del 8-9 ir\u00e1n predominando ya desde el inicio, si bien alguna zona m\u00e1s c\u00f3moda encontraremos. Esas zonas permiten recuperar un tanto el resuello.<\/p>\n\n\n\n<figure class=\"wp-block-image size-full is-resized\"><img loading=\"lazy\" decoding=\"async\" width=\"640\" height=\"480\" src=\"https:\/\/www.jmatesanz.com\/wp-content\/uploads\/2026\/03\/tourmalet-bareges-2.jpg\" alt=\"\" class=\"wp-image-1597\" style=\"width:711px;height:auto\" srcset=\"https:\/\/www.jmatesanz.com\/wp-content\/uploads\/2026\/03\/tourmalet-bareges-2.jpg 640w, https:\/\/www.jmatesanz.com\/wp-content\/uploads\/2026\/03\/tourmalet-bareges-2-300x225.jpg 300w, https:\/\/www.jmatesanz.com\/wp-content\/uploads\/2026\/03\/tourmalet-bareges-2-71x53.jpg 71w, https:\/\/www.jmatesanz.com\/wp-content\/uploads\/2026\/03\/tourmalet-bareges-2-100x75.jpg 100w, https:\/\/www.jmatesanz.com\/wp-content\/uploads\/2026\/03\/tourmalet-bareges-2-76x57.jpg 76w\" sizes=\"(max-width: 640px) 100vw, 640px\" \/><\/figure>\n\n\n\n<p>Tambi\u00e9n a este lado existe estaci\u00f3n de esqu\u00ed, la de Bareges. El perfil es m\u00e1s o menos constante y s\u00f3lo en la recta final encontraremos un latigazo cruel de esta subida contra los cicloturistas. Un \u00faltimo kil\u00f3metro sobre el 11% nos har\u00e1 sudar el alcance de la cima, donde se encuentra el cl\u00e1sico monumento al ciclista con el que es imposible no fotografiarse. <\/p>\n\n\n\n<p>El fr\u00edo suele meterse en el cuerpo, cuando no la niebla o cuando no las dos cosas. Importante llevar siempre abrigo para un descenso tan r\u00e1pido, t\u00e9cnico y largo. Cuida el calor de las manos, la temperatura abrig\u00e1ndote y no te olvides de unas gafas que protejan tus ojos de part\u00edculas que dificulten tu descenso.<\/p>\n\n\n\n<figure class=\"wp-block-image size-full is-resized\"><img loading=\"lazy\" decoding=\"async\" width=\"640\" height=\"480\" src=\"https:\/\/www.jmatesanz.com\/wp-content\/uploads\/2026\/03\/tourmalet-luz-2.jpg\" alt=\"\" class=\"wp-image-1598\" style=\"width:736px;height:auto\" srcset=\"https:\/\/www.jmatesanz.com\/wp-content\/uploads\/2026\/03\/tourmalet-luz-2.jpg 640w, https:\/\/www.jmatesanz.com\/wp-content\/uploads\/2026\/03\/tourmalet-luz-2-300x225.jpg 300w, https:\/\/www.jmatesanz.com\/wp-content\/uploads\/2026\/03\/tourmalet-luz-2-71x53.jpg 71w, https:\/\/www.jmatesanz.com\/wp-content\/uploads\/2026\/03\/tourmalet-luz-2-100x75.jpg 100w, https:\/\/www.jmatesanz.com\/wp-content\/uploads\/2026\/03\/tourmalet-luz-2-76x57.jpg 76w\" sizes=\"(max-width: 640px) 100vw, 640px\" \/><\/figure>\n\n\n\n<p>Por ambos lados es una carretera relativamente transitada. No es la ruta m\u00e1s sencilla para los coches, est\u00e1 claro, pero tambi\u00e9n el Tourmalet es m\u00e1s que una bandera cicloturista. Es un mirador impresionante sobre los Pirineos y un punto de acceso a muchas rutas de senderismo o bicicleta de monta\u00f1a que se encuentran en los alrededores del coloso galo. <\/p>\n\n\n\n<p>Para combinar esta subida con otras, es mejor acercarse al lado de Luz, ya que ah\u00ed se podr\u00e1 enlazar sin mayor problema como Aubisque en pocos kil\u00f3metros, Cauterets, Luz Ardiden, Gavarnie, etc. Todos joyas de los Pirineos, de los que el Tourmalet es el claro e indiscutible rey.<\/p>\n\n\n\n<p><strong><a href=\"https:\/\/www.1001puertos.com\/2009\/02\/coll-de-tourmalet-por-sta-marie-de.html\" target=\"_blank\" rel=\"noopener\" title=\"\">Reportaje m\u00e1s amplio en 1001puertos.com<\/a><\/strong><\/p>\n\n\n\n<p><em><strong>Fotos \u00a9 1001puertos<\/strong><\/em><\/p>\n\n\n<p><iframe src=\"https:\/\/www.google.com\/maps\/embed?pb=!1m18!1m12!1m3!1d9046.656157713262!2d0.14171642721067762!3d42.908614177253064!2m3!1f0!2f0!3f0!3m2!1i1024!2i768!4f13.1!3m3!1m2!1s0x12a823c6998c5b7f%3A0x4a5443d2587c7f86!2sCol%20du%20Tourmalet!5e0!3m2!1ses!2ses!4v1773266540059!5m2!1ses!2ses\" width=\"600\" height=\"450\" style=\"border:0;\" allowfullscreen=\"\" loading=\"lazy\" referrerpolicy=\"no-referrer-when-downgrade\"><\/iframe><\/p>","protected":false},"excerpt":{"rendered":"<p>La carretera del Col du Tourmalet escala hasta alcanzar los 2115 metros y erigirse como la cima m\u00e1s elevada en los Pirineos entre los mitos del Tour de Francia, carrera que lo ha visitado en unas sesenta ocasiones. Ya sea por el mito que en 1911 se empez\u00f3 a generar por las historias que recorrieron [&hellip;]<\/p>\n","protected":false},"author":2,"featured_media":1589,"comment_status":"open","ping_status":"open","sticky":false,"template":"","format":"standard","meta":{"_monsterinsights_skip_tracking":false,"_monsterinsights_sitenote_active":false,"_monsterinsights_sitenote_note":"","_monsterinsights_sitenote_category":0,"footnotes":""},"categories":[38],"tags":[639,638,594,636,634,96,637,640,197,642,633,641,635,126,606],"class_list":["post-1586","post","type-post","status-publish","format-standard","has-post-thumbnail","hentry","category-articulos","tag-bareges","tag-campan","tag-cicloturismo","tag-col","tag-france","tag-francia","tag-la-mongie","tag-luz-saint-sauveur","tag-montana","tag-pic-du-midi","tag-pirineos","tag-puerto","tag-pyrenees","tag-tour","tag-tourmalet"],"yoast_head":"<!-- This site is optimized with the Yoast SEO plugin v27.3 - https:\/\/yoast.com\/product\/yoast-seo-wordpress\/ -->\n<title>Col du Tourmalet, la meca del cicloturismo - Jorge Matesanz<\/title>\n<meta name=\"robots\" content=\"index, follow, max-snippet:-1, max-image-preview:large, max-video-preview:-1\" \/>\n<link rel=\"canonical\" href=\"https:\/\/www.jmatesanz.com\/index.php\/2026\/03\/13\/col-du-tourmalet-la-meca-del-cicloturismo\/\" \/>\n<meta property=\"og:locale\" content=\"es_ES\" \/>\n<meta property=\"og:type\" content=\"article\" \/>\n<meta property=\"og:title\" content=\"Col du Tourmalet, la meca del cicloturismo - Jorge Matesanz\" \/>\n<meta property=\"og:description\" content=\"La carretera del Col du Tourmalet escala hasta alcanzar los 2115 metros y erigirse como la cima m\u00e1s elevada en los Pirineos entre los mitos del Tour de Francia, carrera que lo ha visitado en unas sesenta ocasiones. Ya sea por el mito que en 1911 se empez\u00f3 a generar por las historias que recorrieron [&hellip;]\" \/>\n<meta property=\"og:url\" content=\"https:\/\/www.jmatesanz.com\/index.php\/2026\/03\/13\/col-du-tourmalet-la-meca-del-cicloturismo\/\" \/>\n<meta property=\"og:site_name\" content=\"Jorge Matesanz\" \/>\n<meta property=\"article:published_time\" content=\"2026-03-13T05:00:00+00:00\" \/>\n<meta property=\"og:image\" content=\"https:\/\/www.jmatesanz.com\/wp-content\/uploads\/2026\/03\/tourmalet_20.webp\" \/>\n\t<meta property=\"og:image:width\" content=\"1200\" \/>\n\t<meta property=\"og:image:height\" content=\"799\" \/>\n\t<meta property=\"og:image:type\" content=\"image\/webp\" \/>\n<meta name=\"author\" content=\"Jorge Matesanz\" \/>\n<meta name=\"twitter:card\" content=\"summary_large_image\" \/>\n<meta name=\"twitter:label1\" content=\"Escrito por\" \/>\n\t<meta name=\"twitter:data1\" content=\"Jorge Matesanz\" \/>\n\t<meta name=\"twitter:label2\" content=\"Tiempo de lectura\" \/>\n\t<meta name=\"twitter:data2\" content=\"4 minutos\" \/>\n<script type=\"application\/ld+json\" class=\"yoast-schema-graph\">{\"@context\":\"https:\\\/\\\/schema.org\",\"@graph\":[{\"@type\":\"Article\",\"@id\":\"https:\\\/\\\/www.jmatesanz.com\\\/index.php\\\/2026\\\/03\\\/13\\\/col-du-tourmalet-la-meca-del-cicloturismo\\\/#article\",\"isPartOf\":{\"@id\":\"https:\\\/\\\/www.jmatesanz.com\\\/index.php\\\/2026\\\/03\\\/13\\\/col-du-tourmalet-la-meca-del-cicloturismo\\\/\"},\"author\":{\"name\":\"Jorge Matesanz\",\"@id\":\"https:\\\/\\\/www.jmatesanz.com\\\/#\\\/schema\\\/person\\\/31889a4ed689fe34fdda08b7a6fa2bdb\"},\"headline\":\"Col du Tourmalet, la meca del cicloturismo\",\"datePublished\":\"2026-03-13T05:00:00+00:00\",\"mainEntityOfPage\":{\"@id\":\"https:\\\/\\\/www.jmatesanz.com\\\/index.php\\\/2026\\\/03\\\/13\\\/col-du-tourmalet-la-meca-del-cicloturismo\\\/\"},\"wordCount\":801,\"commentCount\":0,\"publisher\":{\"@id\":\"https:\\\/\\\/www.jmatesanz.com\\\/#organization\"},\"image\":{\"@id\":\"https:\\\/\\\/www.jmatesanz.com\\\/index.php\\\/2026\\\/03\\\/13\\\/col-du-tourmalet-la-meca-del-cicloturismo\\\/#primaryimage\"},\"thumbnailUrl\":\"https:\\\/\\\/www.jmatesanz.com\\\/wp-content\\\/uploads\\\/2026\\\/03\\\/tourmalet_20.webp\",\"keywords\":[\"bareges\",\"campan\",\"cicloturismo\",\"col\",\"france\",\"francia\",\"la mongie\",\"luz saint sauveur\",\"monta\u00f1a\",\"pic du midi\",\"pirineos\",\"puerto\",\"pyrenees\",\"tour\",\"tourmalet\"],\"articleSection\":[\"Art\u00edculos\"],\"inLanguage\":\"es\",\"potentialAction\":[{\"@type\":\"CommentAction\",\"name\":\"Comment\",\"target\":[\"https:\\\/\\\/www.jmatesanz.com\\\/index.php\\\/2026\\\/03\\\/13\\\/col-du-tourmalet-la-meca-del-cicloturismo\\\/#respond\"]}]},{\"@type\":\"WebPage\",\"@id\":\"https:\\\/\\\/www.jmatesanz.com\\\/index.php\\\/2026\\\/03\\\/13\\\/col-du-tourmalet-la-meca-del-cicloturismo\\\/\",\"url\":\"https:\\\/\\\/www.jmatesanz.com\\\/index.php\\\/2026\\\/03\\\/13\\\/col-du-tourmalet-la-meca-del-cicloturismo\\\/\",\"name\":\"Col du Tourmalet, la meca del cicloturismo - Jorge Matesanz\",\"isPartOf\":{\"@id\":\"https:\\\/\\\/www.jmatesanz.com\\\/#website\"},\"primaryImageOfPage\":{\"@id\":\"https:\\\/\\\/www.jmatesanz.com\\\/index.php\\\/2026\\\/03\\\/13\\\/col-du-tourmalet-la-meca-del-cicloturismo\\\/#primaryimage\"},\"image\":{\"@id\":\"https:\\\/\\\/www.jmatesanz.com\\\/index.php\\\/2026\\\/03\\\/13\\\/col-du-tourmalet-la-meca-del-cicloturismo\\\/#primaryimage\"},\"thumbnailUrl\":\"https:\\\/\\\/www.jmatesanz.com\\\/wp-content\\\/uploads\\\/2026\\\/03\\\/tourmalet_20.webp\",\"datePublished\":\"2026-03-13T05:00:00+00:00\",\"breadcrumb\":{\"@id\":\"https:\\\/\\\/www.jmatesanz.com\\\/index.php\\\/2026\\\/03\\\/13\\\/col-du-tourmalet-la-meca-del-cicloturismo\\\/#breadcrumb\"},\"inLanguage\":\"es\",\"potentialAction\":[{\"@type\":\"ReadAction\",\"target\":[\"https:\\\/\\\/www.jmatesanz.com\\\/index.php\\\/2026\\\/03\\\/13\\\/col-du-tourmalet-la-meca-del-cicloturismo\\\/\"]}]},{\"@type\":\"ImageObject\",\"inLanguage\":\"es\",\"@id\":\"https:\\\/\\\/www.jmatesanz.com\\\/index.php\\\/2026\\\/03\\\/13\\\/col-du-tourmalet-la-meca-del-cicloturismo\\\/#primaryimage\",\"url\":\"https:\\\/\\\/www.jmatesanz.com\\\/wp-content\\\/uploads\\\/2026\\\/03\\\/tourmalet_20.webp\",\"contentUrl\":\"https:\\\/\\\/www.jmatesanz.com\\\/wp-content\\\/uploads\\\/2026\\\/03\\\/tourmalet_20.webp\",\"width\":1200,\"height\":799},{\"@type\":\"BreadcrumbList\",\"@id\":\"https:\\\/\\\/www.jmatesanz.com\\\/index.php\\\/2026\\\/03\\\/13\\\/col-du-tourmalet-la-meca-del-cicloturismo\\\/#breadcrumb\",\"itemListElement\":[{\"@type\":\"ListItem\",\"position\":1,\"name\":\"Portada\",\"item\":\"https:\\\/\\\/www.jmatesanz.com\\\/\"},{\"@type\":\"ListItem\",\"position\":2,\"name\":\"Col du Tourmalet, la meca del cicloturismo\"}]},{\"@type\":\"WebSite\",\"@id\":\"https:\\\/\\\/www.jmatesanz.com\\\/#website\",\"url\":\"https:\\\/\\\/www.jmatesanz.com\\\/\",\"name\":\"Jorge Matesanz\",\"description\":\"Mi ciclismo, mis opiniones, mis visiones, mis mundos\",\"publisher\":{\"@id\":\"https:\\\/\\\/www.jmatesanz.com\\\/#organization\"},\"potentialAction\":[{\"@type\":\"SearchAction\",\"target\":{\"@type\":\"EntryPoint\",\"urlTemplate\":\"https:\\\/\\\/www.jmatesanz.com\\\/?s={search_term_string}\"},\"query-input\":{\"@type\":\"PropertyValueSpecification\",\"valueRequired\":true,\"valueName\":\"search_term_string\"}}],\"inLanguage\":\"es\"},{\"@type\":\"Organization\",\"@id\":\"https:\\\/\\\/www.jmatesanz.com\\\/#organization\",\"name\":\"Jorge Matesanz\",\"url\":\"https:\\\/\\\/www.jmatesanz.com\\\/\",\"logo\":{\"@type\":\"ImageObject\",\"inLanguage\":\"es\",\"@id\":\"https:\\\/\\\/www.jmatesanz.com\\\/#\\\/schema\\\/logo\\\/image\\\/\",\"url\":\"https:\\\/\\\/www.jmatesanz.com\\\/wp-content\\\/uploads\\\/2025\\\/11\\\/cropped-cropped-cropped-LOGO_JORGE_MATESANZ_WEB.png\",\"contentUrl\":\"https:\\\/\\\/www.jmatesanz.com\\\/wp-content\\\/uploads\\\/2025\\\/11\\\/cropped-cropped-cropped-LOGO_JORGE_MATESANZ_WEB.png\",\"width\":500,\"height\":500,\"caption\":\"Jorge Matesanz\"},\"image\":{\"@id\":\"https:\\\/\\\/www.jmatesanz.com\\\/#\\\/schema\\\/logo\\\/image\\\/\"}},{\"@type\":\"Person\",\"@id\":\"https:\\\/\\\/www.jmatesanz.com\\\/#\\\/schema\\\/person\\\/31889a4ed689fe34fdda08b7a6fa2bdb\",\"name\":\"Jorge Matesanz\",\"image\":{\"@type\":\"ImageObject\",\"inLanguage\":\"es\",\"@id\":\"https:\\\/\\\/secure.gravatar.com\\\/avatar\\\/98c9e6a0a73a0299f2727febb12e61d8324aba2bee0e8c0a8e36be01c5bdcc0b?s=96&d=mm&r=g\",\"url\":\"https:\\\/\\\/secure.gravatar.com\\\/avatar\\\/98c9e6a0a73a0299f2727febb12e61d8324aba2bee0e8c0a8e36be01c5bdcc0b?s=96&d=mm&r=g\",\"contentUrl\":\"https:\\\/\\\/secure.gravatar.com\\\/avatar\\\/98c9e6a0a73a0299f2727febb12e61d8324aba2bee0e8c0a8e36be01c5bdcc0b?s=96&d=mm&r=g\",\"caption\":\"Jorge Matesanz\"},\"url\":\"https:\\\/\\\/www.jmatesanz.com\\\/index.php\\\/author\\\/jmatesanz\\\/\"}]}<\/script>\n<!-- \/ Yoast SEO plugin. -->","yoast_head_json":{"title":"Col du Tourmalet, la meca del cicloturismo - Jorge Matesanz","robots":{"index":"index","follow":"follow","max-snippet":"max-snippet:-1","max-image-preview":"max-image-preview:large","max-video-preview":"max-video-preview:-1"},"canonical":"https:\/\/www.jmatesanz.com\/index.php\/2026\/03\/13\/col-du-tourmalet-la-meca-del-cicloturismo\/","og_locale":"es_ES","og_type":"article","og_title":"Col du Tourmalet, la meca del cicloturismo - Jorge Matesanz","og_description":"La carretera del Col du Tourmalet escala hasta alcanzar los 2115 metros y erigirse como la cima m\u00e1s elevada en los Pirineos entre los mitos del Tour de Francia, carrera que lo ha visitado en unas sesenta ocasiones. Ya sea por el mito que en 1911 se empez\u00f3 a generar por las historias que recorrieron [&hellip;]","og_url":"https:\/\/www.jmatesanz.com\/index.php\/2026\/03\/13\/col-du-tourmalet-la-meca-del-cicloturismo\/","og_site_name":"Jorge Matesanz","article_published_time":"2026-03-13T05:00:00+00:00","og_image":[{"width":1200,"height":799,"url":"https:\/\/www.jmatesanz.com\/wp-content\/uploads\/2026\/03\/tourmalet_20.webp","type":"image\/webp"}],"author":"Jorge Matesanz","twitter_card":"summary_large_image","twitter_misc":{"Escrito por":"Jorge Matesanz","Tiempo de lectura":"4 minutos"},"schema":{"@context":"https:\/\/schema.org","@graph":[{"@type":"Article","@id":"https:\/\/www.jmatesanz.com\/index.php\/2026\/03\/13\/col-du-tourmalet-la-meca-del-cicloturismo\/#article","isPartOf":{"@id":"https:\/\/www.jmatesanz.com\/index.php\/2026\/03\/13\/col-du-tourmalet-la-meca-del-cicloturismo\/"},"author":{"name":"Jorge Matesanz","@id":"https:\/\/www.jmatesanz.com\/#\/schema\/person\/31889a4ed689fe34fdda08b7a6fa2bdb"},"headline":"Col du Tourmalet, la meca del cicloturismo","datePublished":"2026-03-13T05:00:00+00:00","mainEntityOfPage":{"@id":"https:\/\/www.jmatesanz.com\/index.php\/2026\/03\/13\/col-du-tourmalet-la-meca-del-cicloturismo\/"},"wordCount":801,"commentCount":0,"publisher":{"@id":"https:\/\/www.jmatesanz.com\/#organization"},"image":{"@id":"https:\/\/www.jmatesanz.com\/index.php\/2026\/03\/13\/col-du-tourmalet-la-meca-del-cicloturismo\/#primaryimage"},"thumbnailUrl":"https:\/\/www.jmatesanz.com\/wp-content\/uploads\/2026\/03\/tourmalet_20.webp","keywords":["bareges","campan","cicloturismo","col","france","francia","la mongie","luz saint sauveur","monta\u00f1a","pic du midi","pirineos","puerto","pyrenees","tour","tourmalet"],"articleSection":["Art\u00edculos"],"inLanguage":"es","potentialAction":[{"@type":"CommentAction","name":"Comment","target":["https:\/\/www.jmatesanz.com\/index.php\/2026\/03\/13\/col-du-tourmalet-la-meca-del-cicloturismo\/#respond"]}]},{"@type":"WebPage","@id":"https:\/\/www.jmatesanz.com\/index.php\/2026\/03\/13\/col-du-tourmalet-la-meca-del-cicloturismo\/","url":"https:\/\/www.jmatesanz.com\/index.php\/2026\/03\/13\/col-du-tourmalet-la-meca-del-cicloturismo\/","name":"Col du Tourmalet, la meca del cicloturismo - Jorge Matesanz","isPartOf":{"@id":"https:\/\/www.jmatesanz.com\/#website"},"primaryImageOfPage":{"@id":"https:\/\/www.jmatesanz.com\/index.php\/2026\/03\/13\/col-du-tourmalet-la-meca-del-cicloturismo\/#primaryimage"},"image":{"@id":"https:\/\/www.jmatesanz.com\/index.php\/2026\/03\/13\/col-du-tourmalet-la-meca-del-cicloturismo\/#primaryimage"},"thumbnailUrl":"https:\/\/www.jmatesanz.com\/wp-content\/uploads\/2026\/03\/tourmalet_20.webp","datePublished":"2026-03-13T05:00:00+00:00","breadcrumb":{"@id":"https:\/\/www.jmatesanz.com\/index.php\/2026\/03\/13\/col-du-tourmalet-la-meca-del-cicloturismo\/#breadcrumb"},"inLanguage":"es","potentialAction":[{"@type":"ReadAction","target":["https:\/\/www.jmatesanz.com\/index.php\/2026\/03\/13\/col-du-tourmalet-la-meca-del-cicloturismo\/"]}]},{"@type":"ImageObject","inLanguage":"es","@id":"https:\/\/www.jmatesanz.com\/index.php\/2026\/03\/13\/col-du-tourmalet-la-meca-del-cicloturismo\/#primaryimage","url":"https:\/\/www.jmatesanz.com\/wp-content\/uploads\/2026\/03\/tourmalet_20.webp","contentUrl":"https:\/\/www.jmatesanz.com\/wp-content\/uploads\/2026\/03\/tourmalet_20.webp","width":1200,"height":799},{"@type":"BreadcrumbList","@id":"https:\/\/www.jmatesanz.com\/index.php\/2026\/03\/13\/col-du-tourmalet-la-meca-del-cicloturismo\/#breadcrumb","itemListElement":[{"@type":"ListItem","position":1,"name":"Portada","item":"https:\/\/www.jmatesanz.com\/"},{"@type":"ListItem","position":2,"name":"Col du Tourmalet, la meca del cicloturismo"}]},{"@type":"WebSite","@id":"https:\/\/www.jmatesanz.com\/#website","url":"https:\/\/www.jmatesanz.com\/","name":"Jorge Matesanz","description":"Mi ciclismo, mis opiniones, mis visiones, mis mundos","publisher":{"@id":"https:\/\/www.jmatesanz.com\/#organization"},"potentialAction":[{"@type":"SearchAction","target":{"@type":"EntryPoint","urlTemplate":"https:\/\/www.jmatesanz.com\/?s={search_term_string}"},"query-input":{"@type":"PropertyValueSpecification","valueRequired":true,"valueName":"search_term_string"}}],"inLanguage":"es"},{"@type":"Organization","@id":"https:\/\/www.jmatesanz.com\/#organization","name":"Jorge Matesanz","url":"https:\/\/www.jmatesanz.com\/","logo":{"@type":"ImageObject","inLanguage":"es","@id":"https:\/\/www.jmatesanz.com\/#\/schema\/logo\/image\/","url":"https:\/\/www.jmatesanz.com\/wp-content\/uploads\/2025\/11\/cropped-cropped-cropped-LOGO_JORGE_MATESANZ_WEB.png","contentUrl":"https:\/\/www.jmatesanz.com\/wp-content\/uploads\/2025\/11\/cropped-cropped-cropped-LOGO_JORGE_MATESANZ_WEB.png","width":500,"height":500,"caption":"Jorge Matesanz"},"image":{"@id":"https:\/\/www.jmatesanz.com\/#\/schema\/logo\/image\/"}},{"@type":"Person","@id":"https:\/\/www.jmatesanz.com\/#\/schema\/person\/31889a4ed689fe34fdda08b7a6fa2bdb","name":"Jorge Matesanz","image":{"@type":"ImageObject","inLanguage":"es","@id":"https:\/\/secure.gravatar.com\/avatar\/98c9e6a0a73a0299f2727febb12e61d8324aba2bee0e8c0a8e36be01c5bdcc0b?s=96&d=mm&r=g","url":"https:\/\/secure.gravatar.com\/avatar\/98c9e6a0a73a0299f2727febb12e61d8324aba2bee0e8c0a8e36be01c5bdcc0b?s=96&d=mm&r=g","contentUrl":"https:\/\/secure.gravatar.com\/avatar\/98c9e6a0a73a0299f2727febb12e61d8324aba2bee0e8c0a8e36be01c5bdcc0b?s=96&d=mm&r=g","caption":"Jorge Matesanz"},"url":"https:\/\/www.jmatesanz.com\/index.php\/author\/jmatesanz\/"}]}},"_links":{"self":[{"href":"https:\/\/www.jmatesanz.com\/index.php\/wp-json\/wp\/v2\/posts\/1586","targetHints":{"allow":["GET"]}}],"collection":[{"href":"https:\/\/www.jmatesanz.com\/index.php\/wp-json\/wp\/v2\/posts"}],"about":[{"href":"https:\/\/www.jmatesanz.com\/index.php\/wp-json\/wp\/v2\/types\/post"}],"author":[{"embeddable":true,"href":"https:\/\/www.jmatesanz.com\/index.php\/wp-json\/wp\/v2\/users\/2"}],"replies":[{"embeddable":true,"href":"https:\/\/www.jmatesanz.com\/index.php\/wp-json\/wp\/v2\/comments?post=1586"}],"version-history":[{"count":4,"href":"https:\/\/www.jmatesanz.com\/index.php\/wp-json\/wp\/v2\/posts\/1586\/revisions"}],"predecessor-version":[{"id":1601,"href":"https:\/\/www.jmatesanz.com\/index.php\/wp-json\/wp\/v2\/posts\/1586\/revisions\/1601"}],"wp:featuredmedia":[{"embeddable":true,"href":"https:\/\/www.jmatesanz.com\/index.php\/wp-json\/wp\/v2\/media\/1589"}],"wp:attachment":[{"href":"https:\/\/www.jmatesanz.com\/index.php\/wp-json\/wp\/v2\/media?parent=1586"}],"wp:term":[{"taxonomy":"category","embeddable":true,"href":"https:\/\/www.jmatesanz.com\/index.php\/wp-json\/wp\/v2\/categories?post=1586"},{"taxonomy":"post_tag","embeddable":true,"href":"https:\/\/www.jmatesanz.com\/index.php\/wp-json\/wp\/v2\/tags?post=1586"}],"curies":[{"name":"wp","href":"https:\/\/api.w.org\/{rel}","templated":true}]}}