{"id":2292,"date":"2026-04-25T06:00:00","date_gmt":"2026-04-25T04:00:00","guid":{"rendered":"https:\/\/www.jmatesanz.com\/?p=2292"},"modified":"2026-04-20T06:43:47","modified_gmt":"2026-04-20T04:43:47","slug":"la-pequena-gran-historia-de-danilo-di-luca","status":"publish","type":"post","link":"https:\/\/www.jmatesanz.com\/index.php\/2026\/04\/25\/la-pequena-gran-historia-de-danilo-di-luca\/","title":{"rendered":"La peque\u00f1a gran historia de Danilo Di Luca"},"content":{"rendered":"\n<p style=\"text-align: justify;\"><a href=\"https:\/\/es.wikipedia.org\/wiki\/Danilo_Di_Luca\" target=\"_blank\" rel=\"noreferrer noopener\">Danilo Di Luca<\/a> fue un ciclista subido al siglo XXI. Debut\u00f3 al filo del XX, con un 1999 en el que ya dio idea de lo que se nos ven\u00eda encima. Tambi\u00e9n naci\u00f3 un 2 de enero, al filo del a\u00f1o 1976. Como buen italiano fue saltando de equipo a equipo, prob\u00e1ndose casi todos los maillots disponibles de la \u00e9poca y coleccionando rivales, batallas e incluso penurias desde los 23 a\u00f1os que le vieron debutar. Su relativo parecido f\u00edsico con Leonardo DiCaprio le dio a\u00fan m\u00e1s relevancia dentro del pelot\u00f3n, sobre todo al comienzo de su carrera.<\/p>\n\n<p style=\"text-align: justify;\">Era final de los 90 y\u00a0Titanic\u00a0, la famosa pel\u00edcula dirigida por James Cameron y protagonizada por el actor californiano, fue una de los \u00faltimos grandes \u00e9xitos de la d\u00e9cada. Esa coincidencia temporal con su estreno en el Giro de Italia tambi\u00e9n lo fue con\u00a0<a href=\"https:\/\/www.jmatesanz.com\/index.php\/2026\/03\/14\/marco-pantani-mi-escalador-favorito\/\" target=\"_blank\" rel=\"noreferrer noopener\">Marco Pantani<\/a>\u00a0y sus tiempos de mayor apogeo. La edici\u00f3n de 1999 ver\u00eda coincidir a ambos astros, aunque la magnitud del &#8216;Pirata&#8217; y todo el asunto posterior dejaron oculto a Danilo en t\u00e9rminos bastante menores a los que quiz\u00e1s mereci\u00f3. Hizo un debut en la carrera de casa digno de menci\u00f3n, firmando una segunda posici\u00f3n en el Monte Sirino, primera llegada en alto de aquel a\u00f1o.<\/p>\n\n<p style=\"text-align: justify;\">Y se esperaba mucho de\u00a0Di Luca, que todav\u00eda era el ganador en ejercicio del Baby Giro que nos dio a conocer precisamente a Marco y muchos otros que pisaron ese escal\u00f3n para coger impulso antes de llegar a profesionales. El corredor de Cantina Tollo tambi\u00e9n fue proclamando campe\u00f3n italiano sub-23 y medalla de bronce en el Mundial de Valkenburg en similar categor\u00eda. A\u00f1o 1998 para marcar, pero Marco enmarc\u00f3 el suyo (valga la redundancia) y el ciclista de Spoltore qued\u00f3 una vez m\u00e1s a la sombra de la bandera de la calavera.<\/p>\n\n<p style=\"text-align: justify;\">Su talento era tal que ya ese primer a\u00f1o de su carrera profesional disput\u00f3 el Giro de Lombard\u00eda, finalizando a rueda de Mirko Celestino, el ganador del \u00faltimo Monumento de los 1900. Segunda posici\u00f3n de nuevo y todas las esperanzas puestas en este joven de cara a la temporada 2000. No iba a esperar el de Pescara a estrenar su palmar\u00e9s en dos de las carreras m\u00e1s prestigiosas de la primavera ciclista como la Vuelta al Pa\u00eds Vasco y su amado Giro de Italia.<\/p>\n\n<p style=\"text-align: justify;\">Peschici vio sus brazos al cielo. Casagrande, Belli, Lanfranchi y Merckx (Axel) s\u00f3lo pudieron verle la espalda en aquel empinado final. El ni\u00f1o se estaba haciendo hombre, ya se pod\u00eda comenzar a contar con \u00e9l para grandes cosas. Repetir\u00eda en el Giro 2001 la misma haza\u00f1a, esta vez en Montevergine, esa cima de calentamiento para los grandes momentos. Ganar el Giro de Lombard\u00eda fue ya la confirmaci\u00f3n de que\u00a0Di Luca\u00a0no iba a ser flor de un d\u00eda.<\/p>\n\n<p style=\"text-align: justify;\">Por eso firmado por el Saeco que tambi\u00e9n se hizo con los servicios de Gilberto Simoni, la sensaci\u00f3n del ciclismo italiano del momento, y apost\u00f3 tambi\u00e9n por Ivan Quaranta para las llegadas masivas, toda vez que\u00a0Mario Cipollini\u00a0hab\u00eda atr\u00e1s dej\u00f3 el maillot rojo para firmar por el Acqua&amp;Sapone, curiosamente la evoluci\u00f3n de Cantina Tollo de Di Luca para 2002.<\/p>\n\n<p style=\"text-align: justify;\">Fue un per\u00edodo de crecimiento, de nuevo a la sombra de otros, esta vez de un\u00a0Simoni\u00a0que conquist\u00f3 su segundo Giro de Italia y se erigi\u00f3 como el l\u00edder absoluto de una generaci\u00f3n a la que Danilo pertenec\u00eda. Salvo Casagrande y Belli, todos los grandes de esa divisi\u00f3n de vuelt\u00f3manos ten\u00edan su maglia rosa. Faltaba Di Luca. Con el cambio de aires hacia el maillot verdoso del Liquigas todo iba a ser diferente.<\/p>\n\n<p style=\"text-align: justify;\">Pese a ello, el blanco iba a ser su color durante aquel 2005. Era el inicio del nuevo Pro Tour, una de esas denominaciones del actual World Tour, el comienzo de esa liga de \u00e9lite del ciclismo en la que los mejores equipos comenzaban a tener acceso exclusivo a las grandes carreras. Era su a\u00f1o. Fue portador del maillot en el Giro de Italia.<\/p>\n\n<p style=\"text-align: justify;\">Y no era para menos, ya que a la Vuelta al Pa\u00eds Vasco, que gan\u00f3 brillantemente sobre un encumbrado\u00a0Davide Rebellin\u00a0y un pret\u00e9rito Alberto Contador, hab\u00eda que a\u00f1adir sus primeras cosechas de las Ardenas. Amstel Gold Race y Flecha Valona eran suyas, por lo que en la Grande Partenza de Reggio Calabra se presentar\u00eda como uno de los favoritos a relevar a Damiano Cunego en el palmar\u00e9s de la corsa rosa.<\/p>\n\n<p style=\"text-align: justify;\">Precisamente al italiano bati\u00f3 en la cuarta etapa, qued\u00e1ndose a escasos segundos del rosa, que lograr\u00eda un par de d\u00edas m\u00e1s tarde, en L&#8217;Aquila, donde tambi\u00e9n gan\u00f3. En la larga contrarreloj de Florencia, \u00fanicamente Ivan Basso fue mejor que \u00e9l del ramillete de los favoritos. Su excelente estado de forma, muy estirado desde comienzos de la primavera, iba a ser clave. A\u00fan en la alta monta\u00f1a, pese a verso superado de nuevo por el ciclista del CSC y\u00a0Paolo Savoldelli\u00a0, a la postre vencedor final, supo resistir los envites de los grandes favoritos.<\/p>\n\n<p style=\"text-align: justify;\">Su ex compa\u00f1ero Simoni no dejaba de intentarlo de todas las formas posibles, hoy en d\u00eda que Basso ya estaba fuera de juego. Di Luca resisti\u00f3 en plazas de podio hasta que el Colle di Tenda le empuj\u00f3 a saltar hacia la realidad. Pasado de forma, a\u00fan pudo intentarlo en la m\u00edtica jornada que escalaba por primera vez el\u00a0Colle delle Finestre\u00a0, desvirgado por el propio ciclista del Liquigas en primera persona.<\/p>\n\n<p style=\"text-align: justify;\">El esfuerzo le dio para ser cuarto y quedarse a las puertas en un giro movido por muy pocos segundos. No consegu\u00ed los suficientes para alcanzar el caj\u00f3n de Mil\u00e1n, por lo que los comentarios estaban m\u00e1s en resaltar su falta de capacidad para adquirir un Giro que en aplaudir lo que fue una magn\u00edfica actuaci\u00f3n. Un tanto como con Joaquim Rodr\u00edguez en Espa\u00f1a.<\/p>\n\n<p style=\"text-align: justify;\">Confirmados los malos presagios en la temporada 2006, donde fue capaz de lucir el liderato de la Vuelta a Espa\u00f1a, pero como en el Giro se hundi\u00f3 en la jornada que llevaba a Aprica, pese a haber estado toda la carrera entre los diez primeros, la cr\u00edtica y las dudas acecharon de nuevo. En 2007 iba a ser diferente, eso s\u00ed.<\/p>\n\n<p style=\"text-align: justify;\">Regres\u00f3 a los planteamientos de 2005, donde una buena primavera le llevaron a estar cerca de triunfar en el mes de mayo. Danilo Di Luca reuni\u00f3 el quesito de las Ardenas con la Lieja Bastogne Lieja ante el amo y se\u00f1or de Ans,\u00a0Alejandro Valverde\u00a0, y cogi\u00f3 moral para la gran cita italiana, el Giro. Compartiendo liderato con el imprevisible Franco Pellizotti y con la ayuda de un jovenc\u00edsimo Vincenzo Nibali, el de Liquigas iba a ser por fin el m\u00e1s fuerte.<\/p>\n\n<p style=\"text-align: justify;\">Simoni se lo puso dif\u00edcil, aunque un desconocido Andy Schleck fue la mayor amenaza. Gan\u00f3 por fin el Giro de Italia y se quitaba de un plumazo la presi\u00f3n de ser uno de los pocos de su generaci\u00f3n sin la corsa rosa en el palmar\u00e9s. Adem\u00e1s de vencer a sus demonios, esos que parec\u00edan controlar los momentos m\u00e1s dif\u00edciles de sus temporadas para refrendarle que no estaba preparado todav\u00eda para cumplir todos sus sue\u00f1os.<\/p>\n\n<p style=\"text-align: justify;\">Su equipo tuvo mucho que ver, con un crono magistral por equipos para abrir la prueba y una primera semana donde no rehuy\u00f3 la lucha por la rosa. Misma forma de correr que en 2005 que tan buen resultado le dio. En Brian\u00e7on tom\u00f3 el mando tras una dur\u00edsima pugna con Piepoli y Simoni, que dinamitaron la carrera en el\u00a0Agnello\u00a0, y desde ah\u00ed pese a que le hicieron sufrir en varias ocasiones como en la cima del Zoncolan, la ventaja de la que ya dispon\u00eda le permitieron vivir con tranquilidad esos \u00faltimos compases. En concreto la contrarreloj final, donde tenia mucho que perder y nada que ganar.<\/p>\n\n<p style=\"text-align: justify;\">Posteriormente, afront\u00f3 el Giro con mucha valent\u00eda y tanto en 2008, donde protagoniz\u00f3 una magn\u00edfica ofensiva mano a mano con Paolo Savoldelli que casi env\u00eda contra las cuerdas a un jovenc\u00edsimo Alberto Contador, a la postre vencedor de una edici\u00f3n donde Di Luca dej\u00f3 claro qui\u00e9n era el dorsal n\u00famero uno. De nuevo lo intent\u00e9 en 2009, la edici\u00f3n del famoso centenario y en la que\u00a0Denis Menchov\u00a0, el ruso de Pamplona, \u200b\u200btuvo entre ceja y ceja completar su palmar\u00e9s con la corsa rosa. Y lo consigui\u00f3, pese a contar con la dur\u00edsima oposici\u00f3n del italiano, que termin\u00f3 segundo d\u00e1ndole varios sustos al entonces corredor de Rabobank.<\/p>\n\n<p style=\"text-align: justify;\">Tanto en la explosiva subida al Blockhaus como en el crono final, el ganador de la\u00a0Vuelta a Espa\u00f1a 2007\u00a0sufri\u00f3 de lo lindo para conservar la rosa. Unos resultados que fueron anulados para el transalpino por dar positivo en un control. La CERA que en sus primeros d\u00edas apareci\u00f3 en sus cabellos ahora lo hac\u00eda en todos los titulares acompa\u00f1ando a su nombre. Sanci\u00f3n y comienzo del fin para su carrera ciclista. Aqu\u00ed recordamos m\u00e1s de Titanic que de DiCaprio.<\/p>\n\n<p style=\"text-align: justify;\">En 2011 correr\u00eda gratis para el Katusha pero no fue admitido por el Giro de Italia. Dos temporadas m\u00e1s tarde, precisamente en su carrera, el Giro, regresaron a la secci\u00f3n de noticias y no por sus m\u00e9ritos deportivos, que nunca alcanzaron las cotas de los a\u00f1os anteriores. De nuevo positivo, esta vez por EPO, y sanci\u00f3n de por vida. Ya estuvo implicado en el famoso caso &#8216;Oil for drug&#8217; en 2007, por lo que fue expulsado del\u00a0Liquigas\u00a0y tuvo que buscar un equipo ajeno al Pro Tour, el LPR que parec\u00eda m\u00e1s un cementerio de elefantes que una nueva oportunidad para resurgir. Aunque lo hizo temporalmente.<\/p>\n\n<p style=\"text-align: justify;\">Un ciclista con mucha calidad, pero al que primero ocultaron las sombras de otros ciclistas mucho m\u00e1s grandes que \u00e9l en esos d\u00edas y despu\u00e9s esas mismas sombras le persiguieron para eclipsar, salpicar y desfigurar un palmar\u00e9s ciertamente brillante que ya hubiera firmado antes de saltar a la fama all\u00e1 por el a\u00f1o 1998.<\/p>\n\n<p style=\"text-align: justify;\"><strong><em>Foto \u00a9 Juergen Feichter<\/em><\/strong><\/p>\n","protected":false},"excerpt":{"rendered":"<p>Danilo Di Luca fue un ciclista subido al siglo XXI. Debut\u00f3 al filo del XX, con un 1999 en el que ya dio idea de lo que se nos ven\u00eda encima. Tambi\u00e9n naci\u00f3 un 2 de enero, al filo del a\u00f1o 1976. Como buen italiano fue saltando de equipo a equipo, prob\u00e1ndose casi todos los [&hellip;]<\/p>\n","protected":false},"author":2,"featured_media":2293,"comment_status":"open","ping_status":"open","sticky":false,"template":"","format":"standard","meta":{"_monsterinsights_skip_tracking":false,"_monsterinsights_sitenote_active":false,"_monsterinsights_sitenote_note":"","_monsterinsights_sitenote_category":0,"footnotes":""},"categories":[38],"tags":[290,786,97,161],"class_list":["post-2292","post","type-post","status-publish","format-standard","has-post-thumbnail","hentry","category-articulos","tag-ciclismo-italiano","tag-danilo-di-luca","tag-escalador","tag-historia"],"yoast_head":"<!-- This site is optimized with the Yoast SEO plugin v27.3 - https:\/\/yoast.com\/product\/yoast-seo-wordpress\/ -->\n<title>La peque\u00f1a gran historia de Danilo Di Luca - Jorge Matesanz<\/title>\n<meta name=\"description\" content=\"Danilo Di Luca fue un ciclista subido al siglo XXI. Debut\u00f3 al filo del XX, con un 1999 en el que ya dio idea de lo que se nos ven\u00eda encima...\" \/>\n<meta name=\"robots\" content=\"index, follow, max-snippet:-1, max-image-preview:large, max-video-preview:-1\" \/>\n<link rel=\"canonical\" href=\"https:\/\/www.jmatesanz.com\/index.php\/2026\/04\/25\/la-pequena-gran-historia-de-danilo-di-luca\/\" \/>\n<meta property=\"og:locale\" content=\"es_ES\" \/>\n<meta property=\"og:type\" content=\"article\" \/>\n<meta property=\"og:title\" content=\"La peque\u00f1a gran historia de Danilo Di Luca - Jorge Matesanz\" \/>\n<meta property=\"og:description\" content=\"Danilo Di Luca fue un ciclista subido al siglo XXI. Debut\u00f3 al filo del XX, con un 1999 en el que ya dio idea de lo que se nos ven\u00eda encima...\" \/>\n<meta property=\"og:url\" content=\"https:\/\/www.jmatesanz.com\/index.php\/2026\/04\/25\/la-pequena-gran-historia-de-danilo-di-luca\/\" \/>\n<meta property=\"og:site_name\" content=\"Jorge Matesanz\" \/>\n<meta property=\"article:published_time\" content=\"2026-04-25T04:00:00+00:00\" \/>\n<meta property=\"og:image\" content=\"https:\/\/www.jmatesanz.com\/wp-content\/uploads\/2026\/04\/danilo-di-luca.jpg\" \/>\n\t<meta property=\"og:image:width\" content=\"1280\" \/>\n\t<meta property=\"og:image:height\" content=\"720\" \/>\n\t<meta property=\"og:image:type\" content=\"image\/jpeg\" \/>\n<meta name=\"author\" content=\"Jorge Matesanz\" \/>\n<meta name=\"twitter:card\" content=\"summary_large_image\" \/>\n<meta name=\"twitter:label1\" content=\"Escrito por\" \/>\n\t<meta name=\"twitter:data1\" content=\"Jorge Matesanz\" \/>\n\t<meta name=\"twitter:label2\" content=\"Tiempo de lectura\" \/>\n\t<meta name=\"twitter:data2\" content=\"1 minuto\" \/>\n<script type=\"application\/ld+json\" class=\"yoast-schema-graph\">{\"@context\":\"https:\\\/\\\/schema.org\",\"@graph\":[{\"@type\":\"Article\",\"@id\":\"https:\\\/\\\/www.jmatesanz.com\\\/index.php\\\/2026\\\/04\\\/25\\\/la-pequena-gran-historia-de-danilo-di-luca\\\/#article\",\"isPartOf\":{\"@id\":\"https:\\\/\\\/www.jmatesanz.com\\\/index.php\\\/2026\\\/04\\\/25\\\/la-pequena-gran-historia-de-danilo-di-luca\\\/\"},\"author\":{\"name\":\"Jorge Matesanz\",\"@id\":\"https:\\\/\\\/www.jmatesanz.com\\\/#\\\/schema\\\/person\\\/31889a4ed689fe34fdda08b7a6fa2bdb\"},\"headline\":\"La peque\u00f1a gran historia de Danilo Di Luca\",\"datePublished\":\"2026-04-25T04:00:00+00:00\",\"mainEntityOfPage\":{\"@id\":\"https:\\\/\\\/www.jmatesanz.com\\\/index.php\\\/2026\\\/04\\\/25\\\/la-pequena-gran-historia-de-danilo-di-luca\\\/\"},\"wordCount\":1757,\"commentCount\":0,\"publisher\":{\"@id\":\"https:\\\/\\\/www.jmatesanz.com\\\/#organization\"},\"image\":{\"@id\":\"https:\\\/\\\/www.jmatesanz.com\\\/index.php\\\/2026\\\/04\\\/25\\\/la-pequena-gran-historia-de-danilo-di-luca\\\/#primaryimage\"},\"thumbnailUrl\":\"https:\\\/\\\/www.jmatesanz.com\\\/wp-content\\\/uploads\\\/2026\\\/04\\\/danilo-di-luca.jpg\",\"keywords\":[\"ciclismo italiano\",\"danilo di luca\",\"escalador\",\"historia\"],\"articleSection\":[\"Art\u00edculos\"],\"inLanguage\":\"es\",\"potentialAction\":[{\"@type\":\"CommentAction\",\"name\":\"Comment\",\"target\":[\"https:\\\/\\\/www.jmatesanz.com\\\/index.php\\\/2026\\\/04\\\/25\\\/la-pequena-gran-historia-de-danilo-di-luca\\\/#respond\"]}]},{\"@type\":\"WebPage\",\"@id\":\"https:\\\/\\\/www.jmatesanz.com\\\/index.php\\\/2026\\\/04\\\/25\\\/la-pequena-gran-historia-de-danilo-di-luca\\\/\",\"url\":\"https:\\\/\\\/www.jmatesanz.com\\\/index.php\\\/2026\\\/04\\\/25\\\/la-pequena-gran-historia-de-danilo-di-luca\\\/\",\"name\":\"La peque\u00f1a gran historia de Danilo Di Luca - Jorge Matesanz\",\"isPartOf\":{\"@id\":\"https:\\\/\\\/www.jmatesanz.com\\\/#website\"},\"primaryImageOfPage\":{\"@id\":\"https:\\\/\\\/www.jmatesanz.com\\\/index.php\\\/2026\\\/04\\\/25\\\/la-pequena-gran-historia-de-danilo-di-luca\\\/#primaryimage\"},\"image\":{\"@id\":\"https:\\\/\\\/www.jmatesanz.com\\\/index.php\\\/2026\\\/04\\\/25\\\/la-pequena-gran-historia-de-danilo-di-luca\\\/#primaryimage\"},\"thumbnailUrl\":\"https:\\\/\\\/www.jmatesanz.com\\\/wp-content\\\/uploads\\\/2026\\\/04\\\/danilo-di-luca.jpg\",\"datePublished\":\"2026-04-25T04:00:00+00:00\",\"description\":\"Danilo Di Luca fue un ciclista subido al siglo XXI. Debut\u00f3 al filo del XX, con un 1999 en el que ya dio idea de lo que se nos ven\u00eda encima...\",\"breadcrumb\":{\"@id\":\"https:\\\/\\\/www.jmatesanz.com\\\/index.php\\\/2026\\\/04\\\/25\\\/la-pequena-gran-historia-de-danilo-di-luca\\\/#breadcrumb\"},\"inLanguage\":\"es\",\"potentialAction\":[{\"@type\":\"ReadAction\",\"target\":[\"https:\\\/\\\/www.jmatesanz.com\\\/index.php\\\/2026\\\/04\\\/25\\\/la-pequena-gran-historia-de-danilo-di-luca\\\/\"]}]},{\"@type\":\"ImageObject\",\"inLanguage\":\"es\",\"@id\":\"https:\\\/\\\/www.jmatesanz.com\\\/index.php\\\/2026\\\/04\\\/25\\\/la-pequena-gran-historia-de-danilo-di-luca\\\/#primaryimage\",\"url\":\"https:\\\/\\\/www.jmatesanz.com\\\/wp-content\\\/uploads\\\/2026\\\/04\\\/danilo-di-luca.jpg\",\"contentUrl\":\"https:\\\/\\\/www.jmatesanz.com\\\/wp-content\\\/uploads\\\/2026\\\/04\\\/danilo-di-luca.jpg\",\"width\":1280,\"height\":720},{\"@type\":\"BreadcrumbList\",\"@id\":\"https:\\\/\\\/www.jmatesanz.com\\\/index.php\\\/2026\\\/04\\\/25\\\/la-pequena-gran-historia-de-danilo-di-luca\\\/#breadcrumb\",\"itemListElement\":[{\"@type\":\"ListItem\",\"position\":1,\"name\":\"Portada\",\"item\":\"https:\\\/\\\/www.jmatesanz.com\\\/\"},{\"@type\":\"ListItem\",\"position\":2,\"name\":\"La peque\u00f1a gran historia de Danilo Di Luca\"}]},{\"@type\":\"WebSite\",\"@id\":\"https:\\\/\\\/www.jmatesanz.com\\\/#website\",\"url\":\"https:\\\/\\\/www.jmatesanz.com\\\/\",\"name\":\"Jorge Matesanz\",\"description\":\"Mi ciclismo, mis opiniones, mis visiones, mis mundos\",\"publisher\":{\"@id\":\"https:\\\/\\\/www.jmatesanz.com\\\/#organization\"},\"potentialAction\":[{\"@type\":\"SearchAction\",\"target\":{\"@type\":\"EntryPoint\",\"urlTemplate\":\"https:\\\/\\\/www.jmatesanz.com\\\/?s={search_term_string}\"},\"query-input\":{\"@type\":\"PropertyValueSpecification\",\"valueRequired\":true,\"valueName\":\"search_term_string\"}}],\"inLanguage\":\"es\"},{\"@type\":\"Organization\",\"@id\":\"https:\\\/\\\/www.jmatesanz.com\\\/#organization\",\"name\":\"Jorge Matesanz\",\"url\":\"https:\\\/\\\/www.jmatesanz.com\\\/\",\"logo\":{\"@type\":\"ImageObject\",\"inLanguage\":\"es\",\"@id\":\"https:\\\/\\\/www.jmatesanz.com\\\/#\\\/schema\\\/logo\\\/image\\\/\",\"url\":\"https:\\\/\\\/www.jmatesanz.com\\\/wp-content\\\/uploads\\\/2025\\\/11\\\/cropped-cropped-cropped-LOGO_JORGE_MATESANZ_WEB.png\",\"contentUrl\":\"https:\\\/\\\/www.jmatesanz.com\\\/wp-content\\\/uploads\\\/2025\\\/11\\\/cropped-cropped-cropped-LOGO_JORGE_MATESANZ_WEB.png\",\"width\":500,\"height\":500,\"caption\":\"Jorge Matesanz\"},\"image\":{\"@id\":\"https:\\\/\\\/www.jmatesanz.com\\\/#\\\/schema\\\/logo\\\/image\\\/\"}},{\"@type\":\"Person\",\"@id\":\"https:\\\/\\\/www.jmatesanz.com\\\/#\\\/schema\\\/person\\\/31889a4ed689fe34fdda08b7a6fa2bdb\",\"name\":\"Jorge Matesanz\",\"image\":{\"@type\":\"ImageObject\",\"inLanguage\":\"es\",\"@id\":\"https:\\\/\\\/secure.gravatar.com\\\/avatar\\\/98c9e6a0a73a0299f2727febb12e61d8324aba2bee0e8c0a8e36be01c5bdcc0b?s=96&d=mm&r=g\",\"url\":\"https:\\\/\\\/secure.gravatar.com\\\/avatar\\\/98c9e6a0a73a0299f2727febb12e61d8324aba2bee0e8c0a8e36be01c5bdcc0b?s=96&d=mm&r=g\",\"contentUrl\":\"https:\\\/\\\/secure.gravatar.com\\\/avatar\\\/98c9e6a0a73a0299f2727febb12e61d8324aba2bee0e8c0a8e36be01c5bdcc0b?s=96&d=mm&r=g\",\"caption\":\"Jorge Matesanz\"},\"url\":\"https:\\\/\\\/www.jmatesanz.com\\\/index.php\\\/author\\\/jmatesanz\\\/\"}]}<\/script>\n<!-- \/ Yoast SEO plugin. -->","yoast_head_json":{"title":"La peque\u00f1a gran historia de Danilo Di Luca - Jorge Matesanz","description":"Danilo Di Luca fue un ciclista subido al siglo XXI. Debut\u00f3 al filo del XX, con un 1999 en el que ya dio idea de lo que se nos ven\u00eda encima...","robots":{"index":"index","follow":"follow","max-snippet":"max-snippet:-1","max-image-preview":"max-image-preview:large","max-video-preview":"max-video-preview:-1"},"canonical":"https:\/\/www.jmatesanz.com\/index.php\/2026\/04\/25\/la-pequena-gran-historia-de-danilo-di-luca\/","og_locale":"es_ES","og_type":"article","og_title":"La peque\u00f1a gran historia de Danilo Di Luca - Jorge Matesanz","og_description":"Danilo Di Luca fue un ciclista subido al siglo XXI. Debut\u00f3 al filo del XX, con un 1999 en el que ya dio idea de lo que se nos ven\u00eda encima...","og_url":"https:\/\/www.jmatesanz.com\/index.php\/2026\/04\/25\/la-pequena-gran-historia-de-danilo-di-luca\/","og_site_name":"Jorge Matesanz","article_published_time":"2026-04-25T04:00:00+00:00","og_image":[{"width":1280,"height":720,"url":"https:\/\/www.jmatesanz.com\/wp-content\/uploads\/2026\/04\/danilo-di-luca.jpg","type":"image\/jpeg"}],"author":"Jorge Matesanz","twitter_card":"summary_large_image","twitter_misc":{"Escrito por":"Jorge Matesanz","Tiempo de lectura":"1 minuto"},"schema":{"@context":"https:\/\/schema.org","@graph":[{"@type":"Article","@id":"https:\/\/www.jmatesanz.com\/index.php\/2026\/04\/25\/la-pequena-gran-historia-de-danilo-di-luca\/#article","isPartOf":{"@id":"https:\/\/www.jmatesanz.com\/index.php\/2026\/04\/25\/la-pequena-gran-historia-de-danilo-di-luca\/"},"author":{"name":"Jorge Matesanz","@id":"https:\/\/www.jmatesanz.com\/#\/schema\/person\/31889a4ed689fe34fdda08b7a6fa2bdb"},"headline":"La peque\u00f1a gran historia de Danilo Di Luca","datePublished":"2026-04-25T04:00:00+00:00","mainEntityOfPage":{"@id":"https:\/\/www.jmatesanz.com\/index.php\/2026\/04\/25\/la-pequena-gran-historia-de-danilo-di-luca\/"},"wordCount":1757,"commentCount":0,"publisher":{"@id":"https:\/\/www.jmatesanz.com\/#organization"},"image":{"@id":"https:\/\/www.jmatesanz.com\/index.php\/2026\/04\/25\/la-pequena-gran-historia-de-danilo-di-luca\/#primaryimage"},"thumbnailUrl":"https:\/\/www.jmatesanz.com\/wp-content\/uploads\/2026\/04\/danilo-di-luca.jpg","keywords":["ciclismo italiano","danilo di luca","escalador","historia"],"articleSection":["Art\u00edculos"],"inLanguage":"es","potentialAction":[{"@type":"CommentAction","name":"Comment","target":["https:\/\/www.jmatesanz.com\/index.php\/2026\/04\/25\/la-pequena-gran-historia-de-danilo-di-luca\/#respond"]}]},{"@type":"WebPage","@id":"https:\/\/www.jmatesanz.com\/index.php\/2026\/04\/25\/la-pequena-gran-historia-de-danilo-di-luca\/","url":"https:\/\/www.jmatesanz.com\/index.php\/2026\/04\/25\/la-pequena-gran-historia-de-danilo-di-luca\/","name":"La peque\u00f1a gran historia de Danilo Di Luca - Jorge Matesanz","isPartOf":{"@id":"https:\/\/www.jmatesanz.com\/#website"},"primaryImageOfPage":{"@id":"https:\/\/www.jmatesanz.com\/index.php\/2026\/04\/25\/la-pequena-gran-historia-de-danilo-di-luca\/#primaryimage"},"image":{"@id":"https:\/\/www.jmatesanz.com\/index.php\/2026\/04\/25\/la-pequena-gran-historia-de-danilo-di-luca\/#primaryimage"},"thumbnailUrl":"https:\/\/www.jmatesanz.com\/wp-content\/uploads\/2026\/04\/danilo-di-luca.jpg","datePublished":"2026-04-25T04:00:00+00:00","description":"Danilo Di Luca fue un ciclista subido al siglo XXI. Debut\u00f3 al filo del XX, con un 1999 en el que ya dio idea de lo que se nos ven\u00eda encima...","breadcrumb":{"@id":"https:\/\/www.jmatesanz.com\/index.php\/2026\/04\/25\/la-pequena-gran-historia-de-danilo-di-luca\/#breadcrumb"},"inLanguage":"es","potentialAction":[{"@type":"ReadAction","target":["https:\/\/www.jmatesanz.com\/index.php\/2026\/04\/25\/la-pequena-gran-historia-de-danilo-di-luca\/"]}]},{"@type":"ImageObject","inLanguage":"es","@id":"https:\/\/www.jmatesanz.com\/index.php\/2026\/04\/25\/la-pequena-gran-historia-de-danilo-di-luca\/#primaryimage","url":"https:\/\/www.jmatesanz.com\/wp-content\/uploads\/2026\/04\/danilo-di-luca.jpg","contentUrl":"https:\/\/www.jmatesanz.com\/wp-content\/uploads\/2026\/04\/danilo-di-luca.jpg","width":1280,"height":720},{"@type":"BreadcrumbList","@id":"https:\/\/www.jmatesanz.com\/index.php\/2026\/04\/25\/la-pequena-gran-historia-de-danilo-di-luca\/#breadcrumb","itemListElement":[{"@type":"ListItem","position":1,"name":"Portada","item":"https:\/\/www.jmatesanz.com\/"},{"@type":"ListItem","position":2,"name":"La peque\u00f1a gran historia de Danilo Di Luca"}]},{"@type":"WebSite","@id":"https:\/\/www.jmatesanz.com\/#website","url":"https:\/\/www.jmatesanz.com\/","name":"Jorge Matesanz","description":"Mi ciclismo, mis opiniones, mis visiones, mis mundos","publisher":{"@id":"https:\/\/www.jmatesanz.com\/#organization"},"potentialAction":[{"@type":"SearchAction","target":{"@type":"EntryPoint","urlTemplate":"https:\/\/www.jmatesanz.com\/?s={search_term_string}"},"query-input":{"@type":"PropertyValueSpecification","valueRequired":true,"valueName":"search_term_string"}}],"inLanguage":"es"},{"@type":"Organization","@id":"https:\/\/www.jmatesanz.com\/#organization","name":"Jorge Matesanz","url":"https:\/\/www.jmatesanz.com\/","logo":{"@type":"ImageObject","inLanguage":"es","@id":"https:\/\/www.jmatesanz.com\/#\/schema\/logo\/image\/","url":"https:\/\/www.jmatesanz.com\/wp-content\/uploads\/2025\/11\/cropped-cropped-cropped-LOGO_JORGE_MATESANZ_WEB.png","contentUrl":"https:\/\/www.jmatesanz.com\/wp-content\/uploads\/2025\/11\/cropped-cropped-cropped-LOGO_JORGE_MATESANZ_WEB.png","width":500,"height":500,"caption":"Jorge Matesanz"},"image":{"@id":"https:\/\/www.jmatesanz.com\/#\/schema\/logo\/image\/"}},{"@type":"Person","@id":"https:\/\/www.jmatesanz.com\/#\/schema\/person\/31889a4ed689fe34fdda08b7a6fa2bdb","name":"Jorge Matesanz","image":{"@type":"ImageObject","inLanguage":"es","@id":"https:\/\/secure.gravatar.com\/avatar\/98c9e6a0a73a0299f2727febb12e61d8324aba2bee0e8c0a8e36be01c5bdcc0b?s=96&d=mm&r=g","url":"https:\/\/secure.gravatar.com\/avatar\/98c9e6a0a73a0299f2727febb12e61d8324aba2bee0e8c0a8e36be01c5bdcc0b?s=96&d=mm&r=g","contentUrl":"https:\/\/secure.gravatar.com\/avatar\/98c9e6a0a73a0299f2727febb12e61d8324aba2bee0e8c0a8e36be01c5bdcc0b?s=96&d=mm&r=g","caption":"Jorge Matesanz"},"url":"https:\/\/www.jmatesanz.com\/index.php\/author\/jmatesanz\/"}]}},"_links":{"self":[{"href":"https:\/\/www.jmatesanz.com\/index.php\/wp-json\/wp\/v2\/posts\/2292","targetHints":{"allow":["GET"]}}],"collection":[{"href":"https:\/\/www.jmatesanz.com\/index.php\/wp-json\/wp\/v2\/posts"}],"about":[{"href":"https:\/\/www.jmatesanz.com\/index.php\/wp-json\/wp\/v2\/types\/post"}],"author":[{"embeddable":true,"href":"https:\/\/www.jmatesanz.com\/index.php\/wp-json\/wp\/v2\/users\/2"}],"replies":[{"embeddable":true,"href":"https:\/\/www.jmatesanz.com\/index.php\/wp-json\/wp\/v2\/comments?post=2292"}],"version-history":[{"count":4,"href":"https:\/\/www.jmatesanz.com\/index.php\/wp-json\/wp\/v2\/posts\/2292\/revisions"}],"predecessor-version":[{"id":2297,"href":"https:\/\/www.jmatesanz.com\/index.php\/wp-json\/wp\/v2\/posts\/2292\/revisions\/2297"}],"wp:featuredmedia":[{"embeddable":true,"href":"https:\/\/www.jmatesanz.com\/index.php\/wp-json\/wp\/v2\/media\/2293"}],"wp:attachment":[{"href":"https:\/\/www.jmatesanz.com\/index.php\/wp-json\/wp\/v2\/media?parent=2292"}],"wp:term":[{"taxonomy":"category","embeddable":true,"href":"https:\/\/www.jmatesanz.com\/index.php\/wp-json\/wp\/v2\/categories?post=2292"},{"taxonomy":"post_tag","embeddable":true,"href":"https:\/\/www.jmatesanz.com\/index.php\/wp-json\/wp\/v2\/tags?post=2292"}],"curies":[{"name":"wp","href":"https:\/\/api.w.org\/{rel}","templated":true}]}}