{"id":2305,"date":"2026-04-28T06:00:00","date_gmt":"2026-04-28T04:00:00","guid":{"rendered":"https:\/\/www.jmatesanz.com\/?p=2305"},"modified":"2026-04-20T07:26:20","modified_gmt":"2026-04-20T05:26:20","slug":"entrevista-a-david-de-la-fuente-el-ciclismo-actual-es-espectacular-pero-ya-no-vale-solo-con-ser-ciclista","status":"publish","type":"post","link":"https:\/\/www.jmatesanz.com\/index.php\/2026\/04\/28\/entrevista-a-david-de-la-fuente-el-ciclismo-actual-es-espectacular-pero-ya-no-vale-solo-con-ser-ciclista\/","title":{"rendered":"Entrevista a David de la Fuente: \u00abel ciclismo actual es espectacular, pero ya no vale s\u00f3lo con ser ciclista\u00bb"},"content":{"rendered":"\n<p style=\"text-align: justify;\"><a href=\"https:\/\/es.wikipedia.org\/wiki\/David_de_la_Fuente\" target=\"_blank\" rel=\"noreferrer noopener\">David de la Fuente Rasilla<\/a> (Reinosa, 4 de mayo de 1981) es un ciclista c\u00e1ntabro que ha disputado 19 temporadas ininterrumpidas como ciclista profesional (2003-2021), en las que ha compartido equipo con los m\u00e1s grandes, como su paisano Juanjo Cobo o incluso al servicio de <a href=\"https:\/\/www.jmatesanz.com\/index.php\/2026\/04\/05\/espana-no-gana-una-gran-vuelta-desde\/\" target=\"_blank\" rel=\"noreferrer noopener\">Alberto Contador<\/a>. Todos le recordamos en 2006 luciendo el maillot de topos rojos del Tour de Francia, que tanto le marcar\u00eda. Y de acompa\u00f1ar a sus l\u00edderes en triunfos en las grandes vueltas.<\/p>\n\n<p style=\"text-align: justify;\"><strong>HC: \u00bfC\u00f3mo empezaste en el mundo de la bicicleta?<\/strong><\/p>\n\n<p style=\"text-align: justify;\"><em>DLF:<\/em>\u00a0Tengo un hermano un a\u00f1o mayor y, cuando ten\u00edamos 8 y 7 a\u00f1os, nuestros padres nos apuntaron al Club Ciclista Campurriano de aqu\u00ed de Reinosa. Recuerdo que el regalo de navidades fueron dos bicicletas Razesa.<\/p>\n\n<p style=\"text-align: justify;\"><strong>HC: Desde juvenil, comenzaste a ganar, incluso contra ciclistas mayores, por ejemplo en una etapa del Circuito Monta\u00f1\u00e9s en 2001.<\/strong><\/p>\n\n<p style=\"text-align: justify;\"><em>DLF:<\/em>\u00a0Empec\u00e9 en el Saunier Duval juvenil y luego ya pas\u00f3 al equipo amateur de Matx\u00edn, donde estaba mi hermano. En 2001 pude ganar una etapa del Circuito Monta\u00f1\u00e9s, recuerdo que en esa edici\u00f3n corrieron incluso equipos profesionales. Fue una sorpresa porque esa primera victoria fue una cronoescalada de un kil\u00f3metro en Santander. Lo m\u00edo no eran los cronos precisamente, ese d\u00eda no me ve\u00eda con opciones, casi ni calent\u00e9. Pero entonces ten\u00eda mucha chispa, mucha explosividad, y repechos duros y cortos como ese se me daban muy bien.<\/p>\n\n<p style=\"text-align: justify;\"><strong>HC: En 2003, antes de cumplir los 22 a\u00f1os, Joxean Fern\u00e1ndez \u00abMatx\u00edn\u00bb te lleva al Vini Caldirola italiano. \u00bfC\u00f3mo fue esa oportunidad de dar el salto a profesionales?<\/strong><\/p>\n\n<p style=\"text-align: justify;\"><em>DLF:<\/em>\u00a0De cara a 2002 ya fui a hacer pruebas con\u00a0Mapei\u00a0porque el aficionado Saunier Duval era un filial del Mapei donde Matx\u00edn estaba como uno de los directores en 2001 y 2002. Finalmente en 2022 no pudo ser porque desde la UCI obligaron a recortar las plantillas, de 40 a 25 ciclistas, y me qued\u00e9 sin sitio tanto en el Mapei como en el Mapei TT3. En 2003, cuando Matx\u00edn pas\u00f3 a dirigir Vini Caldirola tuvo la opci\u00f3n de llevar a un corredor y, en lugar de elegir a uno m\u00e1s experimentado, me llev\u00f3 a m\u00ed. Hola un buen primer a\u00f1o. Y era un gran equipo para empezar. Yo era muy joven, apenas hab\u00eda salido de mi pueblo, y cuando llegu\u00e9 a la concentraci\u00f3n en Suiza, me asust\u00e9 un poco al ver que coincid\u00eda con Garzelli, el campe\u00f3n del mundo Rom\u0101ns Vain\u0161teins, Eddy Mazzoleni, Fred Rodr\u00edguez, que era el campe\u00f3n de Estados Unidos&#8230; Impon\u00eda un poco todo, daban respeto todos esos nombres. Al principio, me sentaba en la mesa y no hablaba si no me preguntaban. Adem\u00e1s, tuve que aprender italiano a marchas forzadas los primeros meses. Aprend\u00ed much\u00edsimo. Me ense\u00f1aron a tirar y trabajar para otros, que no es tan f\u00e1cil. Me sali\u00f3 un gran a\u00f1o.<\/p>\n\n<p style=\"text-align: justify;\"><strong>HC: \u00bfQu\u00e9 significa Matx\u00edn para ti?<\/strong><\/p>\n\n<p style=\"text-align: justify;\"><em>DLF:<\/em>\u00a0Matx\u00edn me dio la primera oportunidad, le debo mucho, fue la persona que me permiti\u00f3 llegar a donde llegu\u00e9. Creo que yo tambi\u00e9n respond\u00ed con trabajo y buenos resultados. Pero por supuesto que le estoy muy agradecido.<\/p>\n\n<p style=\"text-align: justify;\"><strong>HC: En 2004 pasaste al nuevo equipo de Matx\u00edn, el Saunier Duval, un equipazo. Seguro que recuerdas especialmente el 2006, tu primer Tour de Francia, en el que destacaste much\u00edsimo: maillot de la monta\u00f1a muchos d\u00edas, escapadas en etapas importantes como Alpe d&#8217;Huez, combatividad en el podio de Par\u00eds&#8230;<\/strong><\/p>\n\n<p style=\"text-align: justify;\"><em>DLF:<\/em>\u00a0Los dos primeros a\u00f1os, 2004 y 2005, trabaj\u00e9 much\u00edsimo pero no llegaban los resultados individuales. Recuerdo mucho el 2006 y la gente tambi\u00e9n posiblemente es el a\u00f1o que m\u00e1s recuerda m\u00edo por lo bien que me sali\u00f3 el Tour. No estaba ni siquiera en mis aviones correr ese Tour, ya para entonces llevaba 60 d\u00edas de competici\u00f3n, demasiados, hab\u00eda corrido todo lo habido y por haber; Matx\u00edn me llev\u00f3 porque me vio muy bien en la Vuelta a Suiza, donde trabaj\u00e9 para Koldo Gil. Desde el principio del Tour 2006, me met\u00ed en muchas escapadas, ten\u00eda mucha motivaci\u00f3n de estar ah\u00ed. Soy un ciclista que funciona mucho por impulsos. Cuando las cosas van bien, soy capaz de superarme a m\u00ed mismo. Y en ese Tour de Francia se dieron muy bien las cosas. Coron\u00e9 primero el Tourmalet, entre otros, creo que sigo siendo el \u00faltimo espa\u00f1ol que lo ha logrado. Recuerdo mucho la escapada en la etapa de Alpe d&#8217;Huez, donde estaban Frank Schleck, Garzelli o Patxi Vila, entre otros. Ese d\u00eda me puse m\u00e1s l\u00edder de la monta\u00f1a y muchos me ve\u00edan ya favorito para el maillot, pero al d\u00eda siguiente Rasmussen se escap\u00f3 todo el d\u00eda y ya no pude hacer nada.<\/p>\n\n<p style=\"text-align: justify;\"><strong>HC: \u00bfFue ese Tour de Francia 2006 el mejor momento de tu carrera?<\/strong><\/p>\n\n<p style=\"text-align: justify;\"><em>DLF:<\/em>\u00a0S\u00ed, junto a la Vuelta a Espa\u00f1a 2011, a nivel colectivo. Desde luego que el Tour 2006 es personalmente la prueba m\u00e1s emotiva para m\u00ed, de la que m\u00e1s me acuerdo. Llegu\u00e9 a ese Tour no siendo nadie, nadie me conoci\u00f3 apenas. Y ya desde la segunda etapa, sal\u00eda en todos los lados. Tuve muchas emociones, altibajos, protagonismo peleando el maillot de la monta\u00f1a, meti\u00e9ndome en escapadas&#8230; Adem\u00e1s, que me dieran ese premio de la Combatividad en Par\u00eds por todo el Tour que hice, fue muy especial. Ese Tour entero fue la leche.<\/p>\n\n<p style=\"text-align: justify;\"><strong>HC: Algo malo recordar\u00e1s de ese Tour 2006&#8230;<\/strong><\/p>\n\n<p style=\"text-align: justify;\"><em>DLF:<\/em>\u00a0Bueno, recuerdo que tuve algunos problemas peleando el maillot de la monta\u00f1a. Me disputaban los puntos en puertos de esos peque\u00f1os, me acuerdo de J\u00e9r\u00f4me Pineau y su equipo, el Bouygues Telecom, que me cerraban y casi me tiraban, la verdad es que me intentaban hacer de todo. Para los franceses eso del maillot de la monta\u00f1a es un tema importante.<\/p>\n\n<p style=\"text-align: justify;\"><strong>HC: En 2007 lleg\u00f3 tu primera victoria ya profesional, el Gran Premio de Llodio. \u00bfC\u00f3mo lo recuerdas?<\/strong><\/p>\n\n<p style=\"text-align: justify;\"><em>DLF:<\/em>\u00a0Recuerdo que hubo una fuga de 25 ciclistas y, a pesar de ser mi primera victoria grande, quiz\u00e1s porque llegu\u00e9 solo, no recuerdo a Llodio con la misma emoci\u00f3n que luego cuando gan\u00e9 una etapa de la Vuelta a Alemania 2008 o el Gran Premio Miguel Indurain 2009, donde sent\u00ed m\u00e1s euforia porque fue por muy poco. Lo que est\u00e1 claro es que Llodio cuadraba muy bien conmigo y mis caracter\u00edsticas, porque fui 2\u00ba en 2009 y un par de veces m\u00e1s en el top10, siempre estaba delante all\u00ed. Sin embargo, la victoria profesional individual que recuerdo con m\u00e1s cari\u00f1o fue Indurain en 2009.<\/p>\n\n<p style=\"text-align: justify;\"><strong>HC: Viviste el pol\u00e9mico final de la estructura del Saunier Duval, luego ya desde 2008 como Scott y en 2009 como Fuji-Servetto. Imagino que fueron a\u00f1os duros, sobre todo el Tour de 2008.<\/strong><\/p>\n\n<p style=\"text-align: justify;\"><em>DLF:<\/em>\u00a0Lo fueron. Yo ten\u00eda una buena trayectoria profesional y estaba en el equipo que iba al Tour 2008, \u00e9ramos un grupo que lo hab\u00edamos preparado a conciencia y, de repente, a \u00faltima hora, se unieron Ricc\u00f2 y Piepoli, que no lo iban a hacer, dejando fuera a otros. El positivo de Ricc\u00f2 fue un jarro de agua fr\u00eda, porque nos dej\u00f3 sin patrocinador y, adem\u00e1s, de un momento para otro, se decidi\u00f3 que no saldr\u00edamos en la etapa 12, nos enteramos en la propia l\u00ednea de salida. Una decisi\u00f3n que no compartes, pero que tienes que asumir. Se te queda cara de tonto, la verdad. Segu\u00ed en el equipo tambi\u00e9n la temporada siguiente, en 2009, con Cobo, y creo que, pese a que no pudimos hacer el Tour de Francia, ese 2009 fue uno de mis mejores a\u00f1os. Adem\u00e1s de la victoria en Estella, en 2009 estuve en muchas escapadas en la Vuelta a Espa\u00f1a y fui segundo de la monta\u00f1a, que gan\u00e9\u00a0Moncouti\u00e9\u00a0; se me vio mucho ese a\u00f1o.<\/p>\n\n<p style=\"text-align: justify;\"><strong>HC: En la temporada 2010, fichas por el Astana y eres parte del equipo que gana el Tour con Alberto Contador. Despu\u00e9s de su desencuentro con Armstrong en 2009, la verdad es que erais un buen equipo para Alberto.<\/strong><\/p>\n\n<p style=\"text-align: justify;\"><em>DLF:<\/em>\u00a0Sin duda. No ser\u00edamos superclases, pero yo creo que \u00e9ramos un equipazo. En la monta\u00f1a est\u00e1bamos Dani Navarro, Paolo Tiralongo, Jes\u00fas Hern\u00e1ndez, Noval o yo mismo. Solventamos bien la papeleta del Tour 2010, que fue muy duro, recuerdo que hasta tuvimos pav\u00e9, etapas llanas con mucho viento y cortes&#8230; Ese 2010 no fue mi mejor a\u00f1o. Ten\u00eda un problema en la rodilla y llegu\u00e9 tocado al Tour, no estaba c\u00f3modo al 100 por 100. Yo ven\u00eda de un equipo como la estructura de Saunier donde todo era cercano y hab\u00eda muy buen ambiente, muchas risas, complicidad. Astana era otro tipo de equipo, que funcionaba con unos objetivos claramente marcados, milim\u00e9tricos, donde solo val\u00eda ganar, porque pod\u00edas hacer segundo y parec\u00eda aquello \u00abun funeral\u00bb. Para m\u00ed era dif\u00edcil de asimilar la presi\u00f3n inhumana que sent\u00eda esa temporada, no logro sentirme c\u00f3modo.<\/p>\n\n<p style=\"text-align: justify;\"><strong>HC: En 2011, volviste con Matx\u00edn y Cobo y ganaste la Vuelta a Espa\u00f1a con el ef\u00edmero Geox. Recuerdo tambi\u00e9n tu etap\u00f3n en La Farrapona, donde te pararon.<\/strong><\/p>\n\n<p style=\"text-align: justify;\"><em>DLF:<\/em>\u00a0Geox era volver a una familia, al buen ambiente. Disfrutamos de esa Vuelta cada d\u00eda, sin la presi\u00f3n de tener que ganar. La victoria de Cobo en 2011 fue una fiesta que signific\u00f3 m\u00e1s para m\u00ed que el Tour de 2010 de Contador. Es verdad que en la etapa de La Farrapona (Somiedo) me ve\u00eda con piernas para ganar y podr\u00eda haber sido mi primera y \u00fanica victoria en una Gran Vuelta, pero gracias a que me mandaron parar y trabajar para Juanjo Cobo, pudimos celebrar luego la victoria final en Madrid, uno de mis mejores momentos que he vivido como ciclista.<\/p>\n\n<p style=\"text-align: justify;\"><strong>HC: Se da la casualidad de que al final no forman parte del palmar\u00e9s ni el Tour de Francia 2010 con Contador ni la Vuelta a Espa\u00f1a 2011 con Cobo, ambos contigo en los equipos. Aunque imagino que la experiencia de formar parte de la victoria en una Gran Vuelta es algo que no se olvida.<\/strong><\/p>\n\n<p style=\"text-align: justify;\"><em>DLF:<\/em>\u00a0Lo de Contador fue algo que ocurri\u00f3 casi de seguido, porque pronto se conoci\u00f3 lo de su positivo aunque se decidi\u00f3 meses despu\u00e9s, pero lo de Cobo es algo surrealista, porque se le ha quitado la Vuelta despu\u00e9s de muchos a\u00f1os. Intuyo que hay razones econ\u00f3micas detr\u00e1s, porque Cobo no ha dado positivo con nada concreto, sino que dicen que es por anomal\u00edas en el pasaporte biol\u00f3gico, sin especificar. Contra la UCI es complicado lograr nada. Para m\u00ed, a Cobo le han despose\u00eddo de algo para que quien le deb\u00eda dinero no le tenga que pagar, porque conviene que no aparezca como ganador. Cobo no ha dado positivo con nada. Le sancionan con fecha de 2009&#8230; y, sin explicar por qu\u00e9, le quitan la Vuelta de dos a\u00f1os despu\u00e9s&#8230; Adem\u00e1s, piensa que Cobo corri\u00f3 con Matx\u00edn en 2009, con Caisse de Epargne en 2010 y Geox en 2011, regresando a la estructura Movistar en 2012 y 2013. Y pese a pasar por varios equipos, que le podr\u00edan mirar m\u00e1s sin problemas, no dio nunca positivo. Y adem\u00e1s est\u00e1 ah\u00ed su trayectoria, porque Cobo no gan\u00f3 la Vuelta de la nada: ya hab\u00eda ganado en Pa\u00eds Vasco en 2007, en Hautacam en 2008. A veces le fallaba la cabeza, eso s\u00ed, los que le conocemos lo sabemos. Pero lo de Cobo es algo raro, poco com\u00fan e incluso sombr\u00edo dentro del ciclismo, no hay quien lo entienda. No s\u00e9 si influye que sea espa\u00f1ol, pero no entiendo por qu\u00e9 no se da credibilidad a la trayectoria de Cobo y s\u00ed a la de otros ciclistas que s\u00ed empezaron a ganar de repente sin grandes resultados anteriores. En cuanto a mi experiencia personal, por supuesto que, aunque que le desposeyeran del t\u00edtulo es una faena, yo me quedo con todo lo vivido. Me siento afortunado como ciclista porque, adem\u00e1s de haber logrado algunas victorias individuales, he vivido c\u00f3mo se gana un Tour y c\u00f3mo se gana una Vuelta. Tuvo la suerte de subir a los Campos El\u00edseos. Tambi\u00e9n en Madrid con la victoria por equipos.<\/p>\n\n<p style=\"text-align: justify;\"><strong>HC: En el invierno de entre 2011 y 2012, te encuentras sin equipo por la desaparici\u00f3n repentina de Geox. \u00bfTe dej\u00f3 eso en una mala situaci\u00f3n?<\/strong><\/p>\n\n<p style=\"text-align: justify;\"><em>DLF:<\/em>\u00a0Sin duda. Ten\u00eda contrato con Geox en 2012 y no pod\u00eda fichar por otro equipo hasta que resolvieran las cosas. Fue un invierno duro, desmotivado y al final surgi\u00f3 la posibilidad de correr con Caja Rural en 2012, pero no empec\u00e9 a andar hasta mitad de temporada. Me dijeron que esperaban m\u00e1s de m\u00ed, pero creo que no acab\u00e9 mal el a\u00f1o: me met\u00ed en la fuga de Lagos que rematamos con Antonio Piedra y fui 2\u00ba de la monta\u00f1a en la Vuelta. All\u00ed, en la Vuelta, apalabr\u00e9 con Caja Rural la renovaci\u00f3n, pero pasaron los meses y ni llegaba el contrato ni me cog\u00edan el tel\u00e9fono. Finalmente me dejaron plantado pese a lo apalabrado y me encontr\u00e9 al final de 2012 otra vez sin equipo.<\/p>\n\n<p style=\"text-align: justify;\"><strong>HC: Imagino que por eso corriste en 2013 y 2014 en Turqu\u00eda y luego ya comenz\u00f3 tu periplo por equipos continentales portugueses desde 2015 hasta tu retirada en 2021.<\/strong><\/p>\n\n<p style=\"text-align: justify;\"><em>DLF:<\/em>\u00a0Despu\u00e9s del plant\u00f3n de Caja Rural, estaba sin equipo. Fueron a\u00f1os en los que desaparecieron muchos equipos y era un embudo: no hab\u00eda sitio para todos. En Espa\u00f1a solo ten\u00edamos a Movistar ya Caja Rural en las dos primeras divisiones y esas dos puertas las ten\u00eda cerradas. A veces no hay pr\u00e1cticamente ofertas y no hay mucho que negociar. Adem\u00e1s, puedes ser un buen corredor pero, por tu perfil, no interesar a los directores de los equipos. En cierto momento, me qued\u00e9 tirado. Yo adem\u00e1s no era un ciclista que tuviera representante, esperaba que me llamaran y eso no llegaba. Hoy en d\u00eda estoy convencido de la necesidad de tener un representante, alguien que te mueva y te ayude a conseguir un sitio. Ya no hay ciclistas en equipos grandes sin un gerente, antes s\u00ed era habitual.<\/p>\n\n<p style=\"text-align: justify;\"><strong>HC: \u00bfCon qu\u00e9 te quedan estos \u00faltimos a\u00f1os?<\/strong><\/p>\n\n<p style=\"text-align: justify;\"><em>DLF:<\/em>\u00a0Con el equipo turco, tuve la posibilidad de conocer sitios diferentes, correr en lugares que no conoc\u00eda, como China, Argelia, Marruecos, Finlandia&#8230; Eran carreras que disfrutaba, pero finalmente decid\u00ed aceptar ofertas de Portugal porque el calendario del equipo turco era de pocos d\u00edas de competici\u00f3n y muy lejos de casa todos. En Portugal disfrut\u00e9 de las pruebas al principio, pero despu\u00e9s de varios a\u00f1os con un calendario tan cerrado y de un nivel bajo como el de Portugal, empec\u00e9 a perder bastante la motivaci\u00f3n de cara a la competici\u00f3n, aunque segu\u00eda disfrutando sobre todo cuando entrenaba.<\/p>\n\n<p style=\"text-align: justify;\"><strong>HC: \u00bfCon qui\u00e9n recuerdas haber pasado m\u00e1s ratos en esto del ciclismo?<\/strong><\/p>\n\n<p style=\"text-align: justify;\"><em>DLF:<\/em>\u00a0He entrenado mucho con Tino Zaballa durante a\u00f1os. Todav\u00eda Tino entrena mucho, es un \u00abenfermo\u00bb de esto, le ver\u00e1s entrenando a cualquier hora. Tambi\u00e9n se va a nadar, a correr&#8230; \u00a1Se sigue metiendo unas \u00abtriscas\u00bb! A\u00fan hace todav\u00eda verdaderas barbaridades.<\/p>\n\n<p style=\"text-align: justify;\"><strong>HC: \u00bfHab\u00eda alguna \u00e9poca del calendario que te costase m\u00e1s como ciclista?<\/strong><\/p>\n\n<p style=\"text-align: justify;\"><em>DLF:<\/em>\u00a0Mi punto fuerte era el mes de julio y despu\u00e9s. Lo pasaba mal en los meses de primavera porque soy al\u00e9rgico al polen y asm\u00e1tico. Por eso lo m\u00edo no pod\u00eda ser el Giro de Italia, porque en esos meses no lograba rendir al m\u00e1ximo nunca. Cuando eres al\u00e9rgico, tienes d\u00edas malos en los que vas al 50 % de tu rendimiento habitual, no funcionas, vas reventado. Me hubiera encantado poder correr el Giro, pero lo fui dejando y luego ya se me fue la oportunidad, en los \u00faltimos a\u00f1os no estuve en equipos que lo corrieran.<\/p>\n\n<p style=\"text-align: justify;\"><strong>HC: \u00bfC\u00f3mo es hacerse ciclista en Cantabria? \u00bfPor qu\u00e9 rutas us\u00e1bamos o sol\u00edamos entrenar?<\/strong><\/p>\n\n<p style=\"text-align: justify;\"><em>DLF:<\/em>\u00a0Yo soy de Matamorosa, un pueblo a menos de un kil\u00f3metro de Reinosa. En cuanto al paisaje de la regi\u00f3n, creo que lo tenemos todo en Cantabria. Pero los inviernos son muy duros. El clima en general es bastante malo casi todo el a\u00f1o. Al principio entrenaba muy cerca de casa. Aunque ten\u00eda apenas 30 kil\u00f3metros coronar Fuente del Chivo y Alto Campoo, a 2.000 metros, la verdad es que no fui all\u00ed hasta mi segundo a\u00f1o como amateur, cuando ya cambia radicalmente la forma de entrenar. Desde entonces ya s\u00ed. Los puertos m\u00e1s t\u00edpicos a los que suelo ir, adem\u00e1s de Fuente del Chivo, es por ejemplo el Puerto de Palombera. Con el clima tan malo en casa para entrenar, sobre todo con el fr\u00edo, lo habitual es que yo, m\u00e1s que de entrenar, era de los que cog\u00eda la forma corriendo todo, sol\u00eda tener muchos d\u00edas de competici\u00f3n cada a\u00f1o, me llevaban a correr porque con ese tiempo en casa tampoco iba a poder entrenar mucho. As\u00ed que iba cogiendo la forma y antes o despu\u00e9s llegaban mis d\u00edas buenos.<\/p>\n\n<p style=\"text-align: justify;\"><strong>HC: Acostumbrado a ese clima, \u00bftuviste tambi\u00e9n d\u00edas tan duros en competici\u00f3n que recuerdes? \u00bfCu\u00e1l es el peor d\u00eda que recuerdas sobre la bicicleta?<\/strong><\/p>\n\n<p style=\"text-align: justify;\"><em>DLF:<\/em>\u00a0Curiosamente, por el clima, no me olvido de un d\u00eda que pasamos en la Vuelta a la Comunidad Valenciana en 2005, con lluvia y fr\u00edo, no pude ni acabar. Pero de los d\u00edas m\u00e1s duros que tuve en la bicicleta fue en Amorebieta en 2011 porque tuve una ca\u00edda muy fea, me romp\u00ed cuatro costillas, la clav\u00edcula&#8230;<\/p>\n\n<p style=\"text-align: justify;\"><strong>HC: Finalmente, colgaste la bicicleta en 2021 en el Louletano de Portugal. Despu\u00e9s de m\u00e1s de un a\u00f1o sin competir en ciclismo, \u00bfse sigue sintiendo el gusanillo?<\/strong><\/p>\n\n<p style=\"text-align: justify;\"><em>DLF:<\/em>\u00a0Despu\u00e9s de 19 temporadas como profesional, te preguntas si podr\u00edas haber hecho una m\u00e1s y haber llegado a las 20, pero al final llega tu momento de parar y el m\u00edo lleg\u00f3 a finales de 2021. Tuve muchos buenos y malos momentos. No me arrepiento de haber parado. Lleg\u00f3 el momento de parar.<\/p>\n\n<p style=\"text-align: justify;\"><strong>HC: Ya desde fuera, \u00bfc\u00f3mo ves el ciclismo actual?<\/strong><\/p>\n\n<p style=\"text-align: justify;\"><em>DLF:<\/em>\u00a0Las cosas han cambiado much\u00edsimo. El ciclismo actual es muy vistoso, espectacular, eso est\u00e1 claro. Pero ahora ya no vale con ser ciclista, tienes que estar muy pendiente de tu imagen, de las redes sociales. Hay muchas m\u00e1s concentraciones y eso para m\u00ed es complicado, porque soy muy familiar, muy casero. No s\u00e9 si me hubiera gustado tanto esta \u00e9poca, he disfrutado con la que me ha tocado vivir.<\/p>\n\n<p style=\"text-align: justify;\"><em><strong>Foto \u00a9 Vivecampoo<\/strong><\/em><\/p>\n","protected":false},"excerpt":{"rendered":"<p>David de la Fuente Rasilla (Reinosa, 4 de mayo de 1981) es un ciclista c\u00e1ntabro que ha disputado 19 temporadas ininterrumpidas como ciclista profesional (2003-2021), en las que ha compartido equipo con los m\u00e1s grandes, como su paisano Juanjo Cobo o incluso al servicio de Alberto Contador. Todos le recordamos en 2006 luciendo el maillot [&hellip;]<\/p>\n","protected":false},"author":2,"featured_media":2308,"comment_status":"open","ping_status":"open","sticky":false,"template":"","format":"standard","meta":{"_monsterinsights_skip_tracking":false,"_monsterinsights_sitenote_active":false,"_monsterinsights_sitenote_note":"","_monsterinsights_sitenote_category":0,"footnotes":""},"categories":[38],"tags":[298,520,130,787,343,233,493],"class_list":["post-2305","post","type-post","status-publish","format-standard","has-post-thumbnail","hentry","category-articulos","tag-astana","tag-cantabria","tag-ciclismo-espanol","tag-david-de-la-fuente","tag-entrevista","tag-geox","tag-saunier-duval"],"yoast_head":"<!-- This site is optimized with the Yoast SEO plugin v27.3 - https:\/\/yoast.com\/product\/yoast-seo-wordpress\/ -->\n<title>Entrevista a David de la Fuente: \u00abel ciclismo actual es espectacular, pero ya no vale s\u00f3lo con ser ciclista\u00bb - Jorge Matesanz<\/title>\n<meta name=\"description\" content=\"David de la Fuente Rasilla (Reinosa, 4 de mayo de 1981) es un ciclista c\u00e1ntabro que ha disputado 19 temporadas...\" \/>\n<meta name=\"robots\" content=\"index, follow, max-snippet:-1, max-image-preview:large, max-video-preview:-1\" \/>\n<link rel=\"canonical\" href=\"https:\/\/www.jmatesanz.com\/index.php\/2026\/04\/28\/entrevista-a-david-de-la-fuente-el-ciclismo-actual-es-espectacular-pero-ya-no-vale-solo-con-ser-ciclista\/\" \/>\n<meta property=\"og:locale\" content=\"es_ES\" \/>\n<meta property=\"og:type\" content=\"article\" \/>\n<meta property=\"og:title\" content=\"Entrevista a David de la Fuente: \u00abel ciclismo actual es espectacular, pero ya no vale s\u00f3lo con ser ciclista\u00bb - Jorge Matesanz\" \/>\n<meta property=\"og:description\" content=\"David de la Fuente Rasilla (Reinosa, 4 de mayo de 1981) es un ciclista c\u00e1ntabro que ha disputado 19 temporadas...\" \/>\n<meta property=\"og:url\" content=\"https:\/\/www.jmatesanz.com\/index.php\/2026\/04\/28\/entrevista-a-david-de-la-fuente-el-ciclismo-actual-es-espectacular-pero-ya-no-vale-solo-con-ser-ciclista\/\" \/>\n<meta property=\"og:site_name\" content=\"Jorge Matesanz\" \/>\n<meta property=\"article:published_time\" content=\"2026-04-28T04:00:00+00:00\" \/>\n<meta property=\"og:image\" content=\"https:\/\/www.jmatesanz.com\/wp-content\/uploads\/2026\/04\/david-fuente-lider-creta-2171.jpg\" \/>\n\t<meta property=\"og:image:width\" content=\"690\" \/>\n\t<meta property=\"og:image:height\" content=\"300\" \/>\n\t<meta property=\"og:image:type\" content=\"image\/jpeg\" \/>\n<meta name=\"author\" content=\"Jorge Matesanz\" \/>\n<meta name=\"twitter:card\" content=\"summary_large_image\" \/>\n<meta name=\"twitter:label1\" content=\"Escrito por\" \/>\n\t<meta name=\"twitter:data1\" content=\"Jorge Matesanz\" \/>\n\t<meta name=\"twitter:label2\" content=\"Tiempo de lectura\" \/>\n\t<meta name=\"twitter:data2\" content=\"15 minutos\" \/>\n<script type=\"application\/ld+json\" class=\"yoast-schema-graph\">{\"@context\":\"https:\\\/\\\/schema.org\",\"@graph\":[{\"@type\":\"Article\",\"@id\":\"https:\\\/\\\/www.jmatesanz.com\\\/index.php\\\/2026\\\/04\\\/28\\\/entrevista-a-david-de-la-fuente-el-ciclismo-actual-es-espectacular-pero-ya-no-vale-solo-con-ser-ciclista\\\/#article\",\"isPartOf\":{\"@id\":\"https:\\\/\\\/www.jmatesanz.com\\\/index.php\\\/2026\\\/04\\\/28\\\/entrevista-a-david-de-la-fuente-el-ciclismo-actual-es-espectacular-pero-ya-no-vale-solo-con-ser-ciclista\\\/\"},\"author\":{\"name\":\"Jorge Matesanz\",\"@id\":\"https:\\\/\\\/www.jmatesanz.com\\\/#\\\/schema\\\/person\\\/31889a4ed689fe34fdda08b7a6fa2bdb\"},\"headline\":\"Entrevista a David de la Fuente: \u00abel ciclismo actual es espectacular, pero ya no vale s\u00f3lo con ser ciclista\u00bb\",\"datePublished\":\"2026-04-28T04:00:00+00:00\",\"mainEntityOfPage\":{\"@id\":\"https:\\\/\\\/www.jmatesanz.com\\\/index.php\\\/2026\\\/04\\\/28\\\/entrevista-a-david-de-la-fuente-el-ciclismo-actual-es-espectacular-pero-ya-no-vale-solo-con-ser-ciclista\\\/\"},\"wordCount\":3206,\"commentCount\":0,\"publisher\":{\"@id\":\"https:\\\/\\\/www.jmatesanz.com\\\/#organization\"},\"image\":{\"@id\":\"https:\\\/\\\/www.jmatesanz.com\\\/index.php\\\/2026\\\/04\\\/28\\\/entrevista-a-david-de-la-fuente-el-ciclismo-actual-es-espectacular-pero-ya-no-vale-solo-con-ser-ciclista\\\/#primaryimage\"},\"thumbnailUrl\":\"https:\\\/\\\/www.jmatesanz.com\\\/wp-content\\\/uploads\\\/2026\\\/04\\\/david-fuente-lider-creta-2171.jpg\",\"keywords\":[\"astana\",\"cantabria\",\"ciclismo espa\u00f1ol\",\"david de la fuente\",\"entrevista\",\"geox\",\"saunier duval\"],\"articleSection\":[\"Art\u00edculos\"],\"inLanguage\":\"es\",\"potentialAction\":[{\"@type\":\"CommentAction\",\"name\":\"Comment\",\"target\":[\"https:\\\/\\\/www.jmatesanz.com\\\/index.php\\\/2026\\\/04\\\/28\\\/entrevista-a-david-de-la-fuente-el-ciclismo-actual-es-espectacular-pero-ya-no-vale-solo-con-ser-ciclista\\\/#respond\"]}]},{\"@type\":\"WebPage\",\"@id\":\"https:\\\/\\\/www.jmatesanz.com\\\/index.php\\\/2026\\\/04\\\/28\\\/entrevista-a-david-de-la-fuente-el-ciclismo-actual-es-espectacular-pero-ya-no-vale-solo-con-ser-ciclista\\\/\",\"url\":\"https:\\\/\\\/www.jmatesanz.com\\\/index.php\\\/2026\\\/04\\\/28\\\/entrevista-a-david-de-la-fuente-el-ciclismo-actual-es-espectacular-pero-ya-no-vale-solo-con-ser-ciclista\\\/\",\"name\":\"Entrevista a David de la Fuente: \u00abel ciclismo actual es espectacular, pero ya no vale s\u00f3lo con ser ciclista\u00bb - Jorge Matesanz\",\"isPartOf\":{\"@id\":\"https:\\\/\\\/www.jmatesanz.com\\\/#website\"},\"primaryImageOfPage\":{\"@id\":\"https:\\\/\\\/www.jmatesanz.com\\\/index.php\\\/2026\\\/04\\\/28\\\/entrevista-a-david-de-la-fuente-el-ciclismo-actual-es-espectacular-pero-ya-no-vale-solo-con-ser-ciclista\\\/#primaryimage\"},\"image\":{\"@id\":\"https:\\\/\\\/www.jmatesanz.com\\\/index.php\\\/2026\\\/04\\\/28\\\/entrevista-a-david-de-la-fuente-el-ciclismo-actual-es-espectacular-pero-ya-no-vale-solo-con-ser-ciclista\\\/#primaryimage\"},\"thumbnailUrl\":\"https:\\\/\\\/www.jmatesanz.com\\\/wp-content\\\/uploads\\\/2026\\\/04\\\/david-fuente-lider-creta-2171.jpg\",\"datePublished\":\"2026-04-28T04:00:00+00:00\",\"description\":\"David de la Fuente Rasilla (Reinosa, 4 de mayo de 1981) es un ciclista c\u00e1ntabro que ha disputado 19 temporadas...\",\"breadcrumb\":{\"@id\":\"https:\\\/\\\/www.jmatesanz.com\\\/index.php\\\/2026\\\/04\\\/28\\\/entrevista-a-david-de-la-fuente-el-ciclismo-actual-es-espectacular-pero-ya-no-vale-solo-con-ser-ciclista\\\/#breadcrumb\"},\"inLanguage\":\"es\",\"potentialAction\":[{\"@type\":\"ReadAction\",\"target\":[\"https:\\\/\\\/www.jmatesanz.com\\\/index.php\\\/2026\\\/04\\\/28\\\/entrevista-a-david-de-la-fuente-el-ciclismo-actual-es-espectacular-pero-ya-no-vale-solo-con-ser-ciclista\\\/\"]}]},{\"@type\":\"ImageObject\",\"inLanguage\":\"es\",\"@id\":\"https:\\\/\\\/www.jmatesanz.com\\\/index.php\\\/2026\\\/04\\\/28\\\/entrevista-a-david-de-la-fuente-el-ciclismo-actual-es-espectacular-pero-ya-no-vale-solo-con-ser-ciclista\\\/#primaryimage\",\"url\":\"https:\\\/\\\/www.jmatesanz.com\\\/wp-content\\\/uploads\\\/2026\\\/04\\\/david-fuente-lider-creta-2171.jpg\",\"contentUrl\":\"https:\\\/\\\/www.jmatesanz.com\\\/wp-content\\\/uploads\\\/2026\\\/04\\\/david-fuente-lider-creta-2171.jpg\",\"width\":690,\"height\":300},{\"@type\":\"BreadcrumbList\",\"@id\":\"https:\\\/\\\/www.jmatesanz.com\\\/index.php\\\/2026\\\/04\\\/28\\\/entrevista-a-david-de-la-fuente-el-ciclismo-actual-es-espectacular-pero-ya-no-vale-solo-con-ser-ciclista\\\/#breadcrumb\",\"itemListElement\":[{\"@type\":\"ListItem\",\"position\":1,\"name\":\"Portada\",\"item\":\"https:\\\/\\\/www.jmatesanz.com\\\/\"},{\"@type\":\"ListItem\",\"position\":2,\"name\":\"Entrevista a David de la Fuente: \u00abel ciclismo actual es espectacular, pero ya no vale s\u00f3lo con ser ciclista\u00bb\"}]},{\"@type\":\"WebSite\",\"@id\":\"https:\\\/\\\/www.jmatesanz.com\\\/#website\",\"url\":\"https:\\\/\\\/www.jmatesanz.com\\\/\",\"name\":\"Jorge Matesanz\",\"description\":\"Mi ciclismo, mis opiniones, mis visiones, mis mundos\",\"publisher\":{\"@id\":\"https:\\\/\\\/www.jmatesanz.com\\\/#organization\"},\"potentialAction\":[{\"@type\":\"SearchAction\",\"target\":{\"@type\":\"EntryPoint\",\"urlTemplate\":\"https:\\\/\\\/www.jmatesanz.com\\\/?s={search_term_string}\"},\"query-input\":{\"@type\":\"PropertyValueSpecification\",\"valueRequired\":true,\"valueName\":\"search_term_string\"}}],\"inLanguage\":\"es\"},{\"@type\":\"Organization\",\"@id\":\"https:\\\/\\\/www.jmatesanz.com\\\/#organization\",\"name\":\"Jorge Matesanz\",\"url\":\"https:\\\/\\\/www.jmatesanz.com\\\/\",\"logo\":{\"@type\":\"ImageObject\",\"inLanguage\":\"es\",\"@id\":\"https:\\\/\\\/www.jmatesanz.com\\\/#\\\/schema\\\/logo\\\/image\\\/\",\"url\":\"https:\\\/\\\/www.jmatesanz.com\\\/wp-content\\\/uploads\\\/2025\\\/11\\\/cropped-cropped-cropped-LOGO_JORGE_MATESANZ_WEB.png\",\"contentUrl\":\"https:\\\/\\\/www.jmatesanz.com\\\/wp-content\\\/uploads\\\/2025\\\/11\\\/cropped-cropped-cropped-LOGO_JORGE_MATESANZ_WEB.png\",\"width\":500,\"height\":500,\"caption\":\"Jorge Matesanz\"},\"image\":{\"@id\":\"https:\\\/\\\/www.jmatesanz.com\\\/#\\\/schema\\\/logo\\\/image\\\/\"}},{\"@type\":\"Person\",\"@id\":\"https:\\\/\\\/www.jmatesanz.com\\\/#\\\/schema\\\/person\\\/31889a4ed689fe34fdda08b7a6fa2bdb\",\"name\":\"Jorge Matesanz\",\"image\":{\"@type\":\"ImageObject\",\"inLanguage\":\"es\",\"@id\":\"https:\\\/\\\/secure.gravatar.com\\\/avatar\\\/98c9e6a0a73a0299f2727febb12e61d8324aba2bee0e8c0a8e36be01c5bdcc0b?s=96&d=mm&r=g\",\"url\":\"https:\\\/\\\/secure.gravatar.com\\\/avatar\\\/98c9e6a0a73a0299f2727febb12e61d8324aba2bee0e8c0a8e36be01c5bdcc0b?s=96&d=mm&r=g\",\"contentUrl\":\"https:\\\/\\\/secure.gravatar.com\\\/avatar\\\/98c9e6a0a73a0299f2727febb12e61d8324aba2bee0e8c0a8e36be01c5bdcc0b?s=96&d=mm&r=g\",\"caption\":\"Jorge Matesanz\"},\"url\":\"https:\\\/\\\/www.jmatesanz.com\\\/index.php\\\/author\\\/jmatesanz\\\/\"}]}<\/script>\n<!-- \/ Yoast SEO plugin. -->","yoast_head_json":{"title":"Entrevista a David de la Fuente: \u00abel ciclismo actual es espectacular, pero ya no vale s\u00f3lo con ser ciclista\u00bb - Jorge Matesanz","description":"David de la Fuente Rasilla (Reinosa, 4 de mayo de 1981) es un ciclista c\u00e1ntabro que ha disputado 19 temporadas...","robots":{"index":"index","follow":"follow","max-snippet":"max-snippet:-1","max-image-preview":"max-image-preview:large","max-video-preview":"max-video-preview:-1"},"canonical":"https:\/\/www.jmatesanz.com\/index.php\/2026\/04\/28\/entrevista-a-david-de-la-fuente-el-ciclismo-actual-es-espectacular-pero-ya-no-vale-solo-con-ser-ciclista\/","og_locale":"es_ES","og_type":"article","og_title":"Entrevista a David de la Fuente: \u00abel ciclismo actual es espectacular, pero ya no vale s\u00f3lo con ser ciclista\u00bb - Jorge Matesanz","og_description":"David de la Fuente Rasilla (Reinosa, 4 de mayo de 1981) es un ciclista c\u00e1ntabro que ha disputado 19 temporadas...","og_url":"https:\/\/www.jmatesanz.com\/index.php\/2026\/04\/28\/entrevista-a-david-de-la-fuente-el-ciclismo-actual-es-espectacular-pero-ya-no-vale-solo-con-ser-ciclista\/","og_site_name":"Jorge Matesanz","article_published_time":"2026-04-28T04:00:00+00:00","og_image":[{"width":690,"height":300,"url":"https:\/\/www.jmatesanz.com\/wp-content\/uploads\/2026\/04\/david-fuente-lider-creta-2171.jpg","type":"image\/jpeg"}],"author":"Jorge Matesanz","twitter_card":"summary_large_image","twitter_misc":{"Escrito por":"Jorge Matesanz","Tiempo de lectura":"15 minutos"},"schema":{"@context":"https:\/\/schema.org","@graph":[{"@type":"Article","@id":"https:\/\/www.jmatesanz.com\/index.php\/2026\/04\/28\/entrevista-a-david-de-la-fuente-el-ciclismo-actual-es-espectacular-pero-ya-no-vale-solo-con-ser-ciclista\/#article","isPartOf":{"@id":"https:\/\/www.jmatesanz.com\/index.php\/2026\/04\/28\/entrevista-a-david-de-la-fuente-el-ciclismo-actual-es-espectacular-pero-ya-no-vale-solo-con-ser-ciclista\/"},"author":{"name":"Jorge Matesanz","@id":"https:\/\/www.jmatesanz.com\/#\/schema\/person\/31889a4ed689fe34fdda08b7a6fa2bdb"},"headline":"Entrevista a David de la Fuente: \u00abel ciclismo actual es espectacular, pero ya no vale s\u00f3lo con ser ciclista\u00bb","datePublished":"2026-04-28T04:00:00+00:00","mainEntityOfPage":{"@id":"https:\/\/www.jmatesanz.com\/index.php\/2026\/04\/28\/entrevista-a-david-de-la-fuente-el-ciclismo-actual-es-espectacular-pero-ya-no-vale-solo-con-ser-ciclista\/"},"wordCount":3206,"commentCount":0,"publisher":{"@id":"https:\/\/www.jmatesanz.com\/#organization"},"image":{"@id":"https:\/\/www.jmatesanz.com\/index.php\/2026\/04\/28\/entrevista-a-david-de-la-fuente-el-ciclismo-actual-es-espectacular-pero-ya-no-vale-solo-con-ser-ciclista\/#primaryimage"},"thumbnailUrl":"https:\/\/www.jmatesanz.com\/wp-content\/uploads\/2026\/04\/david-fuente-lider-creta-2171.jpg","keywords":["astana","cantabria","ciclismo espa\u00f1ol","david de la fuente","entrevista","geox","saunier duval"],"articleSection":["Art\u00edculos"],"inLanguage":"es","potentialAction":[{"@type":"CommentAction","name":"Comment","target":["https:\/\/www.jmatesanz.com\/index.php\/2026\/04\/28\/entrevista-a-david-de-la-fuente-el-ciclismo-actual-es-espectacular-pero-ya-no-vale-solo-con-ser-ciclista\/#respond"]}]},{"@type":"WebPage","@id":"https:\/\/www.jmatesanz.com\/index.php\/2026\/04\/28\/entrevista-a-david-de-la-fuente-el-ciclismo-actual-es-espectacular-pero-ya-no-vale-solo-con-ser-ciclista\/","url":"https:\/\/www.jmatesanz.com\/index.php\/2026\/04\/28\/entrevista-a-david-de-la-fuente-el-ciclismo-actual-es-espectacular-pero-ya-no-vale-solo-con-ser-ciclista\/","name":"Entrevista a David de la Fuente: \u00abel ciclismo actual es espectacular, pero ya no vale s\u00f3lo con ser ciclista\u00bb - Jorge Matesanz","isPartOf":{"@id":"https:\/\/www.jmatesanz.com\/#website"},"primaryImageOfPage":{"@id":"https:\/\/www.jmatesanz.com\/index.php\/2026\/04\/28\/entrevista-a-david-de-la-fuente-el-ciclismo-actual-es-espectacular-pero-ya-no-vale-solo-con-ser-ciclista\/#primaryimage"},"image":{"@id":"https:\/\/www.jmatesanz.com\/index.php\/2026\/04\/28\/entrevista-a-david-de-la-fuente-el-ciclismo-actual-es-espectacular-pero-ya-no-vale-solo-con-ser-ciclista\/#primaryimage"},"thumbnailUrl":"https:\/\/www.jmatesanz.com\/wp-content\/uploads\/2026\/04\/david-fuente-lider-creta-2171.jpg","datePublished":"2026-04-28T04:00:00+00:00","description":"David de la Fuente Rasilla (Reinosa, 4 de mayo de 1981) es un ciclista c\u00e1ntabro que ha disputado 19 temporadas...","breadcrumb":{"@id":"https:\/\/www.jmatesanz.com\/index.php\/2026\/04\/28\/entrevista-a-david-de-la-fuente-el-ciclismo-actual-es-espectacular-pero-ya-no-vale-solo-con-ser-ciclista\/#breadcrumb"},"inLanguage":"es","potentialAction":[{"@type":"ReadAction","target":["https:\/\/www.jmatesanz.com\/index.php\/2026\/04\/28\/entrevista-a-david-de-la-fuente-el-ciclismo-actual-es-espectacular-pero-ya-no-vale-solo-con-ser-ciclista\/"]}]},{"@type":"ImageObject","inLanguage":"es","@id":"https:\/\/www.jmatesanz.com\/index.php\/2026\/04\/28\/entrevista-a-david-de-la-fuente-el-ciclismo-actual-es-espectacular-pero-ya-no-vale-solo-con-ser-ciclista\/#primaryimage","url":"https:\/\/www.jmatesanz.com\/wp-content\/uploads\/2026\/04\/david-fuente-lider-creta-2171.jpg","contentUrl":"https:\/\/www.jmatesanz.com\/wp-content\/uploads\/2026\/04\/david-fuente-lider-creta-2171.jpg","width":690,"height":300},{"@type":"BreadcrumbList","@id":"https:\/\/www.jmatesanz.com\/index.php\/2026\/04\/28\/entrevista-a-david-de-la-fuente-el-ciclismo-actual-es-espectacular-pero-ya-no-vale-solo-con-ser-ciclista\/#breadcrumb","itemListElement":[{"@type":"ListItem","position":1,"name":"Portada","item":"https:\/\/www.jmatesanz.com\/"},{"@type":"ListItem","position":2,"name":"Entrevista a David de la Fuente: \u00abel ciclismo actual es espectacular, pero ya no vale s\u00f3lo con ser ciclista\u00bb"}]},{"@type":"WebSite","@id":"https:\/\/www.jmatesanz.com\/#website","url":"https:\/\/www.jmatesanz.com\/","name":"Jorge Matesanz","description":"Mi ciclismo, mis opiniones, mis visiones, mis mundos","publisher":{"@id":"https:\/\/www.jmatesanz.com\/#organization"},"potentialAction":[{"@type":"SearchAction","target":{"@type":"EntryPoint","urlTemplate":"https:\/\/www.jmatesanz.com\/?s={search_term_string}"},"query-input":{"@type":"PropertyValueSpecification","valueRequired":true,"valueName":"search_term_string"}}],"inLanguage":"es"},{"@type":"Organization","@id":"https:\/\/www.jmatesanz.com\/#organization","name":"Jorge Matesanz","url":"https:\/\/www.jmatesanz.com\/","logo":{"@type":"ImageObject","inLanguage":"es","@id":"https:\/\/www.jmatesanz.com\/#\/schema\/logo\/image\/","url":"https:\/\/www.jmatesanz.com\/wp-content\/uploads\/2025\/11\/cropped-cropped-cropped-LOGO_JORGE_MATESANZ_WEB.png","contentUrl":"https:\/\/www.jmatesanz.com\/wp-content\/uploads\/2025\/11\/cropped-cropped-cropped-LOGO_JORGE_MATESANZ_WEB.png","width":500,"height":500,"caption":"Jorge Matesanz"},"image":{"@id":"https:\/\/www.jmatesanz.com\/#\/schema\/logo\/image\/"}},{"@type":"Person","@id":"https:\/\/www.jmatesanz.com\/#\/schema\/person\/31889a4ed689fe34fdda08b7a6fa2bdb","name":"Jorge Matesanz","image":{"@type":"ImageObject","inLanguage":"es","@id":"https:\/\/secure.gravatar.com\/avatar\/98c9e6a0a73a0299f2727febb12e61d8324aba2bee0e8c0a8e36be01c5bdcc0b?s=96&d=mm&r=g","url":"https:\/\/secure.gravatar.com\/avatar\/98c9e6a0a73a0299f2727febb12e61d8324aba2bee0e8c0a8e36be01c5bdcc0b?s=96&d=mm&r=g","contentUrl":"https:\/\/secure.gravatar.com\/avatar\/98c9e6a0a73a0299f2727febb12e61d8324aba2bee0e8c0a8e36be01c5bdcc0b?s=96&d=mm&r=g","caption":"Jorge Matesanz"},"url":"https:\/\/www.jmatesanz.com\/index.php\/author\/jmatesanz\/"}]}},"_links":{"self":[{"href":"https:\/\/www.jmatesanz.com\/index.php\/wp-json\/wp\/v2\/posts\/2305","targetHints":{"allow":["GET"]}}],"collection":[{"href":"https:\/\/www.jmatesanz.com\/index.php\/wp-json\/wp\/v2\/posts"}],"about":[{"href":"https:\/\/www.jmatesanz.com\/index.php\/wp-json\/wp\/v2\/types\/post"}],"author":[{"embeddable":true,"href":"https:\/\/www.jmatesanz.com\/index.php\/wp-json\/wp\/v2\/users\/2"}],"replies":[{"embeddable":true,"href":"https:\/\/www.jmatesanz.com\/index.php\/wp-json\/wp\/v2\/comments?post=2305"}],"version-history":[{"count":5,"href":"https:\/\/www.jmatesanz.com\/index.php\/wp-json\/wp\/v2\/posts\/2305\/revisions"}],"predecessor-version":[{"id":2313,"href":"https:\/\/www.jmatesanz.com\/index.php\/wp-json\/wp\/v2\/posts\/2305\/revisions\/2313"}],"wp:featuredmedia":[{"embeddable":true,"href":"https:\/\/www.jmatesanz.com\/index.php\/wp-json\/wp\/v2\/media\/2308"}],"wp:attachment":[{"href":"https:\/\/www.jmatesanz.com\/index.php\/wp-json\/wp\/v2\/media?parent=2305"}],"wp:term":[{"taxonomy":"category","embeddable":true,"href":"https:\/\/www.jmatesanz.com\/index.php\/wp-json\/wp\/v2\/categories?post=2305"},{"taxonomy":"post_tag","embeddable":true,"href":"https:\/\/www.jmatesanz.com\/index.php\/wp-json\/wp\/v2\/tags?post=2305"}],"curies":[{"name":"wp","href":"https:\/\/api.w.org\/{rel}","templated":true}]}}