{"id":2320,"date":"2026-04-23T06:00:00","date_gmt":"2026-04-23T04:00:00","guid":{"rendered":"https:\/\/www.jmatesanz.com\/?p=2320"},"modified":"2026-04-21T06:57:52","modified_gmt":"2026-04-21T04:57:52","slug":"carlos-canal-profeta-en-su-tierra","status":"publish","type":"post","link":"https:\/\/www.jmatesanz.com\/index.php\/2026\/04\/23\/carlos-canal-profeta-en-su-tierra\/","title":{"rendered":"Carlos Canal (Movistar), profeta en su tierra"},"content":{"rendered":"\n<p style=\"text-align: justify;\">A ver, ni la famosa playa de las Catedrales tiene catedrales ni <a href=\"https:\/\/www.procyclingstats.com\/rider\/carlos-canal\/start\" target=\"_blank\" rel=\"noreferrer noopener\">Carlos Canal<\/a> es de Lugo (lujo con &#8216;g&#8217;). Pero el pupilo de <a href=\"https:\/\/www.jmatesanz.com\/index.php\/2026\/02\/02\/ilusiona-el-movistar-2026\/\" target=\"_blank\" rel=\"noreferrer noopener\">Movistar<\/a> s\u00ed es de Galicia, tanto como O Gran Cami\u00f1o lo es. Ambos hicieron coincidir sus ejes de coordenadas para escribir juntos una bonita historia. Porque la primera victoria, como pasa con el primer amor, nunca se olvida. Y que el palmar\u00e9s de un ciclista pierda la virginidad en casa a\u00f1ade ese tono entra\u00f1able que faltaba.\u00a0<\/p>\n\n<p style=\"text-align: justify;\">Ganar suele sentar bien, como tomarse una cervecita frente a la brisa del mar. O ganarse un trofeo con los mares que ba\u00f1an tu tierra a la espalda. Carga pilas, hace creer. Te atrapa como un anzuelo de ilusi\u00f3n para soltarte luego en un r\u00edo de realidad. El p\u00e1jaro en mano que es ganar ahora har\u00e1 que el ciento volando sobrevuele mejores posiciones. Como descorchar una botella de albari\u00f1o hace que despu\u00e9s venga una segunda. Porque sin primera no hay segunda. De l\u00f3gica.\u00a0<\/p>\n\n<p style=\"text-align: justify;\">Carlos Canal cruz\u00f3 la l\u00ednea de meta en primer lugar. Barreiros, vecino de Foz, de Ribadeo, el marco. El trofeo es m\u00e1s un reconocimiento a la labor de este ciclista. S\u00ed, a la victoria tambi\u00e9n. Aunque, pese a que Carlos no nos vaya a creer, \u00e9l ya hab\u00eda ganado. Que nadie vigile fotos-finish, que no van a ir por ah\u00ed los tiros. La actitud de buen gregario del de Xinzo de Limia contrasta con la de varios protestantes (que protestan, vamos). Canal, sin responsabilidades de equipo, se hubiese hinchado a pelear en los primeros lugares del pelot\u00f3n.\u00a0<\/p>\n\n<p style=\"text-align: justify;\">Pero se sacrifica, es un <em>team player<\/em>, como se dice en moderno. Un hombre de equipo con piernas para m\u00e1s, para estar donde estuvo. Insistir es una buena manera de conseguir las cosas, y Carlos roz\u00f3 el palo en dos ocasiones en estos lares. Magnus Cort y <a href=\"https:\/\/www.jmatesanz.com\/index.php\/2026\/01\/28\/sobre-vingegaard-la-caida-y-los-cicloturistas\/\" target=\"_blank\" rel=\"noreferrer noopener\">Jonas Vingegaard<\/a>, dos daneses, se interpusieron entre \u00e9l y el gol. A la tercera va la vencida. A la gallega, como el pulpo, \u00bfqu\u00e9 victorias vendr\u00e1n despu\u00e9s de haberse quitado la presi\u00f3n de encima? Tal vez las puertas de la victoria queden de par en par durante un tiempo. Aprov\u00e9chese.<\/p>\n\n<p style=\"text-align: justify;\"><strong><em>Foto \u00a9 Getty Images<\/em><\/strong><\/p>\n","protected":false},"excerpt":{"rendered":"<p>A ver, ni la famosa playa de las Catedrales tiene catedrales ni Carlos Canal es de Lugo (lujo con &#8216;g&#8217;). Pero el pupilo de Movistar s\u00ed es de Galicia, tanto como O Gran Cami\u00f1o lo es. Ambos hicieron coincidir sus ejes de coordenadas para escribir juntos una bonita historia. Porque la primera victoria, como pasa [&hellip;]<\/p>\n","protected":false},"author":2,"featured_media":2321,"comment_status":"open","ping_status":"open","sticky":false,"template":"","format":"standard","meta":{"_monsterinsights_skip_tracking":false,"_monsterinsights_sitenote_active":false,"_monsterinsights_sitenote_note":"","_monsterinsights_sitenote_category":0,"footnotes":""},"categories":[38],"tags":[136,789,130,461,168],"class_list":["post-2320","post","type-post","status-publish","format-standard","has-post-thumbnail","hentry","category-articulos","tag-136","tag-carlos-canal","tag-ciclismo-espanol","tag-galicia","tag-movistar"],"yoast_head":"<!-- This site is optimized with the Yoast SEO plugin v27.3 - https:\/\/yoast.com\/product\/yoast-seo-wordpress\/ -->\n<title>Carlos Canal (Movistar), profeta en su tierra - Jorge Matesanz<\/title>\n<meta name=\"robots\" content=\"index, follow, max-snippet:-1, max-image-preview:large, max-video-preview:-1\" \/>\n<link rel=\"canonical\" href=\"https:\/\/www.jmatesanz.com\/index.php\/2026\/04\/23\/carlos-canal-profeta-en-su-tierra\/\" \/>\n<meta property=\"og:locale\" content=\"es_ES\" \/>\n<meta property=\"og:type\" content=\"article\" \/>\n<meta property=\"og:title\" content=\"Carlos Canal (Movistar), profeta en su tierra - Jorge Matesanz\" \/>\n<meta property=\"og:description\" content=\"A ver, ni la famosa playa de las Catedrales tiene catedrales ni Carlos Canal es de Lugo (lujo con &#8216;g&#8217;). Pero el pupilo de Movistar s\u00ed es de Galicia, tanto como O Gran Cami\u00f1o lo es. Ambos hicieron coincidir sus ejes de coordenadas para escribir juntos una bonita historia. Porque la primera victoria, como pasa [&hellip;]\" \/>\n<meta property=\"og:url\" content=\"https:\/\/www.jmatesanz.com\/index.php\/2026\/04\/23\/carlos-canal-profeta-en-su-tierra\/\" \/>\n<meta property=\"og:site_name\" content=\"Jorge Matesanz\" \/>\n<meta property=\"article:published_time\" content=\"2026-04-23T04:00:00+00:00\" \/>\n<meta property=\"og:image\" content=\"https:\/\/www.jmatesanz.com\/wp-content\/uploads\/2026\/04\/carlos-canal-ogc-2026.jpg\" \/>\n\t<meta property=\"og:image:width\" content=\"1024\" \/>\n\t<meta property=\"og:image:height\" content=\"658\" \/>\n\t<meta property=\"og:image:type\" content=\"image\/jpeg\" \/>\n<meta name=\"author\" content=\"Jorge Matesanz\" \/>\n<meta name=\"twitter:card\" content=\"summary_large_image\" \/>\n<meta name=\"twitter:label1\" content=\"Escrito por\" \/>\n\t<meta name=\"twitter:data1\" content=\"Jorge Matesanz\" \/>\n\t<meta name=\"twitter:label2\" content=\"Tiempo de lectura\" \/>\n\t<meta name=\"twitter:data2\" content=\"2 minutos\" \/>\n<script type=\"application\/ld+json\" class=\"yoast-schema-graph\">{\"@context\":\"https:\\\/\\\/schema.org\",\"@graph\":[{\"@type\":\"Article\",\"@id\":\"https:\\\/\\\/www.jmatesanz.com\\\/index.php\\\/2026\\\/04\\\/23\\\/carlos-canal-profeta-en-su-tierra\\\/#article\",\"isPartOf\":{\"@id\":\"https:\\\/\\\/www.jmatesanz.com\\\/index.php\\\/2026\\\/04\\\/23\\\/carlos-canal-profeta-en-su-tierra\\\/\"},\"author\":{\"name\":\"Jorge Matesanz\",\"@id\":\"https:\\\/\\\/www.jmatesanz.com\\\/#\\\/schema\\\/person\\\/31889a4ed689fe34fdda08b7a6fa2bdb\"},\"headline\":\"Carlos Canal (Movistar), profeta en su tierra\",\"datePublished\":\"2026-04-23T04:00:00+00:00\",\"mainEntityOfPage\":{\"@id\":\"https:\\\/\\\/www.jmatesanz.com\\\/index.php\\\/2026\\\/04\\\/23\\\/carlos-canal-profeta-en-su-tierra\\\/\"},\"wordCount\":388,\"commentCount\":0,\"publisher\":{\"@id\":\"https:\\\/\\\/www.jmatesanz.com\\\/#organization\"},\"image\":{\"@id\":\"https:\\\/\\\/www.jmatesanz.com\\\/index.php\\\/2026\\\/04\\\/23\\\/carlos-canal-profeta-en-su-tierra\\\/#primaryimage\"},\"thumbnailUrl\":\"https:\\\/\\\/www.jmatesanz.com\\\/wp-content\\\/uploads\\\/2026\\\/04\\\/carlos-canal-ogc-2026.jpg\",\"keywords\":[\"2026\",\"carlos canal\",\"ciclismo espa\u00f1ol\",\"galicia\",\"movistar\"],\"articleSection\":[\"Art\u00edculos\"],\"inLanguage\":\"es\",\"potentialAction\":[{\"@type\":\"CommentAction\",\"name\":\"Comment\",\"target\":[\"https:\\\/\\\/www.jmatesanz.com\\\/index.php\\\/2026\\\/04\\\/23\\\/carlos-canal-profeta-en-su-tierra\\\/#respond\"]}]},{\"@type\":\"WebPage\",\"@id\":\"https:\\\/\\\/www.jmatesanz.com\\\/index.php\\\/2026\\\/04\\\/23\\\/carlos-canal-profeta-en-su-tierra\\\/\",\"url\":\"https:\\\/\\\/www.jmatesanz.com\\\/index.php\\\/2026\\\/04\\\/23\\\/carlos-canal-profeta-en-su-tierra\\\/\",\"name\":\"Carlos Canal (Movistar), profeta en su tierra - Jorge Matesanz\",\"isPartOf\":{\"@id\":\"https:\\\/\\\/www.jmatesanz.com\\\/#website\"},\"primaryImageOfPage\":{\"@id\":\"https:\\\/\\\/www.jmatesanz.com\\\/index.php\\\/2026\\\/04\\\/23\\\/carlos-canal-profeta-en-su-tierra\\\/#primaryimage\"},\"image\":{\"@id\":\"https:\\\/\\\/www.jmatesanz.com\\\/index.php\\\/2026\\\/04\\\/23\\\/carlos-canal-profeta-en-su-tierra\\\/#primaryimage\"},\"thumbnailUrl\":\"https:\\\/\\\/www.jmatesanz.com\\\/wp-content\\\/uploads\\\/2026\\\/04\\\/carlos-canal-ogc-2026.jpg\",\"datePublished\":\"2026-04-23T04:00:00+00:00\",\"breadcrumb\":{\"@id\":\"https:\\\/\\\/www.jmatesanz.com\\\/index.php\\\/2026\\\/04\\\/23\\\/carlos-canal-profeta-en-su-tierra\\\/#breadcrumb\"},\"inLanguage\":\"es\",\"potentialAction\":[{\"@type\":\"ReadAction\",\"target\":[\"https:\\\/\\\/www.jmatesanz.com\\\/index.php\\\/2026\\\/04\\\/23\\\/carlos-canal-profeta-en-su-tierra\\\/\"]}]},{\"@type\":\"ImageObject\",\"inLanguage\":\"es\",\"@id\":\"https:\\\/\\\/www.jmatesanz.com\\\/index.php\\\/2026\\\/04\\\/23\\\/carlos-canal-profeta-en-su-tierra\\\/#primaryimage\",\"url\":\"https:\\\/\\\/www.jmatesanz.com\\\/wp-content\\\/uploads\\\/2026\\\/04\\\/carlos-canal-ogc-2026.jpg\",\"contentUrl\":\"https:\\\/\\\/www.jmatesanz.com\\\/wp-content\\\/uploads\\\/2026\\\/04\\\/carlos-canal-ogc-2026.jpg\",\"width\":1024,\"height\":658,\"caption\":\"LISSONE, ITALY - OCTOBER 05: Carlos Canal of Spain and Team Movistar celebrates at podium as second place winner during the 78th Coppa Agostoni - Giro Delle Brianze 2025 a 166.7km one day race from Lissone to Lissone on October 05, 2025 in Lissone, Italy. (Photo by Dario Belingheri\\\/Getty Images)\"},{\"@type\":\"BreadcrumbList\",\"@id\":\"https:\\\/\\\/www.jmatesanz.com\\\/index.php\\\/2026\\\/04\\\/23\\\/carlos-canal-profeta-en-su-tierra\\\/#breadcrumb\",\"itemListElement\":[{\"@type\":\"ListItem\",\"position\":1,\"name\":\"Portada\",\"item\":\"https:\\\/\\\/www.jmatesanz.com\\\/\"},{\"@type\":\"ListItem\",\"position\":2,\"name\":\"Carlos Canal (Movistar), profeta en su tierra\"}]},{\"@type\":\"WebSite\",\"@id\":\"https:\\\/\\\/www.jmatesanz.com\\\/#website\",\"url\":\"https:\\\/\\\/www.jmatesanz.com\\\/\",\"name\":\"Jorge Matesanz\",\"description\":\"Mi ciclismo, mis opiniones, mis visiones, mis mundos\",\"publisher\":{\"@id\":\"https:\\\/\\\/www.jmatesanz.com\\\/#organization\"},\"potentialAction\":[{\"@type\":\"SearchAction\",\"target\":{\"@type\":\"EntryPoint\",\"urlTemplate\":\"https:\\\/\\\/www.jmatesanz.com\\\/?s={search_term_string}\"},\"query-input\":{\"@type\":\"PropertyValueSpecification\",\"valueRequired\":true,\"valueName\":\"search_term_string\"}}],\"inLanguage\":\"es\"},{\"@type\":\"Organization\",\"@id\":\"https:\\\/\\\/www.jmatesanz.com\\\/#organization\",\"name\":\"Jorge Matesanz\",\"url\":\"https:\\\/\\\/www.jmatesanz.com\\\/\",\"logo\":{\"@type\":\"ImageObject\",\"inLanguage\":\"es\",\"@id\":\"https:\\\/\\\/www.jmatesanz.com\\\/#\\\/schema\\\/logo\\\/image\\\/\",\"url\":\"https:\\\/\\\/www.jmatesanz.com\\\/wp-content\\\/uploads\\\/2025\\\/11\\\/cropped-cropped-cropped-LOGO_JORGE_MATESANZ_WEB.png\",\"contentUrl\":\"https:\\\/\\\/www.jmatesanz.com\\\/wp-content\\\/uploads\\\/2025\\\/11\\\/cropped-cropped-cropped-LOGO_JORGE_MATESANZ_WEB.png\",\"width\":500,\"height\":500,\"caption\":\"Jorge Matesanz\"},\"image\":{\"@id\":\"https:\\\/\\\/www.jmatesanz.com\\\/#\\\/schema\\\/logo\\\/image\\\/\"}},{\"@type\":\"Person\",\"@id\":\"https:\\\/\\\/www.jmatesanz.com\\\/#\\\/schema\\\/person\\\/31889a4ed689fe34fdda08b7a6fa2bdb\",\"name\":\"Jorge Matesanz\",\"image\":{\"@type\":\"ImageObject\",\"inLanguage\":\"es\",\"@id\":\"https:\\\/\\\/secure.gravatar.com\\\/avatar\\\/98c9e6a0a73a0299f2727febb12e61d8324aba2bee0e8c0a8e36be01c5bdcc0b?s=96&d=mm&r=g\",\"url\":\"https:\\\/\\\/secure.gravatar.com\\\/avatar\\\/98c9e6a0a73a0299f2727febb12e61d8324aba2bee0e8c0a8e36be01c5bdcc0b?s=96&d=mm&r=g\",\"contentUrl\":\"https:\\\/\\\/secure.gravatar.com\\\/avatar\\\/98c9e6a0a73a0299f2727febb12e61d8324aba2bee0e8c0a8e36be01c5bdcc0b?s=96&d=mm&r=g\",\"caption\":\"Jorge Matesanz\"},\"url\":\"https:\\\/\\\/www.jmatesanz.com\\\/index.php\\\/author\\\/jmatesanz\\\/\"}]}<\/script>\n<!-- \/ Yoast SEO plugin. -->","yoast_head_json":{"title":"Carlos Canal (Movistar), profeta en su tierra - Jorge Matesanz","robots":{"index":"index","follow":"follow","max-snippet":"max-snippet:-1","max-image-preview":"max-image-preview:large","max-video-preview":"max-video-preview:-1"},"canonical":"https:\/\/www.jmatesanz.com\/index.php\/2026\/04\/23\/carlos-canal-profeta-en-su-tierra\/","og_locale":"es_ES","og_type":"article","og_title":"Carlos Canal (Movistar), profeta en su tierra - Jorge Matesanz","og_description":"A ver, ni la famosa playa de las Catedrales tiene catedrales ni Carlos Canal es de Lugo (lujo con &#8216;g&#8217;). Pero el pupilo de Movistar s\u00ed es de Galicia, tanto como O Gran Cami\u00f1o lo es. Ambos hicieron coincidir sus ejes de coordenadas para escribir juntos una bonita historia. Porque la primera victoria, como pasa [&hellip;]","og_url":"https:\/\/www.jmatesanz.com\/index.php\/2026\/04\/23\/carlos-canal-profeta-en-su-tierra\/","og_site_name":"Jorge Matesanz","article_published_time":"2026-04-23T04:00:00+00:00","og_image":[{"width":1024,"height":658,"url":"https:\/\/www.jmatesanz.com\/wp-content\/uploads\/2026\/04\/carlos-canal-ogc-2026.jpg","type":"image\/jpeg"}],"author":"Jorge Matesanz","twitter_card":"summary_large_image","twitter_misc":{"Escrito por":"Jorge Matesanz","Tiempo de lectura":"2 minutos"},"schema":{"@context":"https:\/\/schema.org","@graph":[{"@type":"Article","@id":"https:\/\/www.jmatesanz.com\/index.php\/2026\/04\/23\/carlos-canal-profeta-en-su-tierra\/#article","isPartOf":{"@id":"https:\/\/www.jmatesanz.com\/index.php\/2026\/04\/23\/carlos-canal-profeta-en-su-tierra\/"},"author":{"name":"Jorge Matesanz","@id":"https:\/\/www.jmatesanz.com\/#\/schema\/person\/31889a4ed689fe34fdda08b7a6fa2bdb"},"headline":"Carlos Canal (Movistar), profeta en su tierra","datePublished":"2026-04-23T04:00:00+00:00","mainEntityOfPage":{"@id":"https:\/\/www.jmatesanz.com\/index.php\/2026\/04\/23\/carlos-canal-profeta-en-su-tierra\/"},"wordCount":388,"commentCount":0,"publisher":{"@id":"https:\/\/www.jmatesanz.com\/#organization"},"image":{"@id":"https:\/\/www.jmatesanz.com\/index.php\/2026\/04\/23\/carlos-canal-profeta-en-su-tierra\/#primaryimage"},"thumbnailUrl":"https:\/\/www.jmatesanz.com\/wp-content\/uploads\/2026\/04\/carlos-canal-ogc-2026.jpg","keywords":["2026","carlos canal","ciclismo espa\u00f1ol","galicia","movistar"],"articleSection":["Art\u00edculos"],"inLanguage":"es","potentialAction":[{"@type":"CommentAction","name":"Comment","target":["https:\/\/www.jmatesanz.com\/index.php\/2026\/04\/23\/carlos-canal-profeta-en-su-tierra\/#respond"]}]},{"@type":"WebPage","@id":"https:\/\/www.jmatesanz.com\/index.php\/2026\/04\/23\/carlos-canal-profeta-en-su-tierra\/","url":"https:\/\/www.jmatesanz.com\/index.php\/2026\/04\/23\/carlos-canal-profeta-en-su-tierra\/","name":"Carlos Canal (Movistar), profeta en su tierra - Jorge Matesanz","isPartOf":{"@id":"https:\/\/www.jmatesanz.com\/#website"},"primaryImageOfPage":{"@id":"https:\/\/www.jmatesanz.com\/index.php\/2026\/04\/23\/carlos-canal-profeta-en-su-tierra\/#primaryimage"},"image":{"@id":"https:\/\/www.jmatesanz.com\/index.php\/2026\/04\/23\/carlos-canal-profeta-en-su-tierra\/#primaryimage"},"thumbnailUrl":"https:\/\/www.jmatesanz.com\/wp-content\/uploads\/2026\/04\/carlos-canal-ogc-2026.jpg","datePublished":"2026-04-23T04:00:00+00:00","breadcrumb":{"@id":"https:\/\/www.jmatesanz.com\/index.php\/2026\/04\/23\/carlos-canal-profeta-en-su-tierra\/#breadcrumb"},"inLanguage":"es","potentialAction":[{"@type":"ReadAction","target":["https:\/\/www.jmatesanz.com\/index.php\/2026\/04\/23\/carlos-canal-profeta-en-su-tierra\/"]}]},{"@type":"ImageObject","inLanguage":"es","@id":"https:\/\/www.jmatesanz.com\/index.php\/2026\/04\/23\/carlos-canal-profeta-en-su-tierra\/#primaryimage","url":"https:\/\/www.jmatesanz.com\/wp-content\/uploads\/2026\/04\/carlos-canal-ogc-2026.jpg","contentUrl":"https:\/\/www.jmatesanz.com\/wp-content\/uploads\/2026\/04\/carlos-canal-ogc-2026.jpg","width":1024,"height":658,"caption":"LISSONE, ITALY - OCTOBER 05: Carlos Canal of Spain and Team Movistar celebrates at podium as second place winner during the 78th Coppa Agostoni - Giro Delle Brianze 2025 a 166.7km one day race from Lissone to Lissone on October 05, 2025 in Lissone, Italy. (Photo by Dario Belingheri\/Getty Images)"},{"@type":"BreadcrumbList","@id":"https:\/\/www.jmatesanz.com\/index.php\/2026\/04\/23\/carlos-canal-profeta-en-su-tierra\/#breadcrumb","itemListElement":[{"@type":"ListItem","position":1,"name":"Portada","item":"https:\/\/www.jmatesanz.com\/"},{"@type":"ListItem","position":2,"name":"Carlos Canal (Movistar), profeta en su tierra"}]},{"@type":"WebSite","@id":"https:\/\/www.jmatesanz.com\/#website","url":"https:\/\/www.jmatesanz.com\/","name":"Jorge Matesanz","description":"Mi ciclismo, mis opiniones, mis visiones, mis mundos","publisher":{"@id":"https:\/\/www.jmatesanz.com\/#organization"},"potentialAction":[{"@type":"SearchAction","target":{"@type":"EntryPoint","urlTemplate":"https:\/\/www.jmatesanz.com\/?s={search_term_string}"},"query-input":{"@type":"PropertyValueSpecification","valueRequired":true,"valueName":"search_term_string"}}],"inLanguage":"es"},{"@type":"Organization","@id":"https:\/\/www.jmatesanz.com\/#organization","name":"Jorge Matesanz","url":"https:\/\/www.jmatesanz.com\/","logo":{"@type":"ImageObject","inLanguage":"es","@id":"https:\/\/www.jmatesanz.com\/#\/schema\/logo\/image\/","url":"https:\/\/www.jmatesanz.com\/wp-content\/uploads\/2025\/11\/cropped-cropped-cropped-LOGO_JORGE_MATESANZ_WEB.png","contentUrl":"https:\/\/www.jmatesanz.com\/wp-content\/uploads\/2025\/11\/cropped-cropped-cropped-LOGO_JORGE_MATESANZ_WEB.png","width":500,"height":500,"caption":"Jorge Matesanz"},"image":{"@id":"https:\/\/www.jmatesanz.com\/#\/schema\/logo\/image\/"}},{"@type":"Person","@id":"https:\/\/www.jmatesanz.com\/#\/schema\/person\/31889a4ed689fe34fdda08b7a6fa2bdb","name":"Jorge Matesanz","image":{"@type":"ImageObject","inLanguage":"es","@id":"https:\/\/secure.gravatar.com\/avatar\/98c9e6a0a73a0299f2727febb12e61d8324aba2bee0e8c0a8e36be01c5bdcc0b?s=96&d=mm&r=g","url":"https:\/\/secure.gravatar.com\/avatar\/98c9e6a0a73a0299f2727febb12e61d8324aba2bee0e8c0a8e36be01c5bdcc0b?s=96&d=mm&r=g","contentUrl":"https:\/\/secure.gravatar.com\/avatar\/98c9e6a0a73a0299f2727febb12e61d8324aba2bee0e8c0a8e36be01c5bdcc0b?s=96&d=mm&r=g","caption":"Jorge Matesanz"},"url":"https:\/\/www.jmatesanz.com\/index.php\/author\/jmatesanz\/"}]}},"_links":{"self":[{"href":"https:\/\/www.jmatesanz.com\/index.php\/wp-json\/wp\/v2\/posts\/2320","targetHints":{"allow":["GET"]}}],"collection":[{"href":"https:\/\/www.jmatesanz.com\/index.php\/wp-json\/wp\/v2\/posts"}],"about":[{"href":"https:\/\/www.jmatesanz.com\/index.php\/wp-json\/wp\/v2\/types\/post"}],"author":[{"embeddable":true,"href":"https:\/\/www.jmatesanz.com\/index.php\/wp-json\/wp\/v2\/users\/2"}],"replies":[{"embeddable":true,"href":"https:\/\/www.jmatesanz.com\/index.php\/wp-json\/wp\/v2\/comments?post=2320"}],"version-history":[{"count":7,"href":"https:\/\/www.jmatesanz.com\/index.php\/wp-json\/wp\/v2\/posts\/2320\/revisions"}],"predecessor-version":[{"id":2329,"href":"https:\/\/www.jmatesanz.com\/index.php\/wp-json\/wp\/v2\/posts\/2320\/revisions\/2329"}],"wp:featuredmedia":[{"embeddable":true,"href":"https:\/\/www.jmatesanz.com\/index.php\/wp-json\/wp\/v2\/media\/2321"}],"wp:attachment":[{"href":"https:\/\/www.jmatesanz.com\/index.php\/wp-json\/wp\/v2\/media?parent=2320"}],"wp:term":[{"taxonomy":"category","embeddable":true,"href":"https:\/\/www.jmatesanz.com\/index.php\/wp-json\/wp\/v2\/categories?post=2320"},{"taxonomy":"post_tag","embeddable":true,"href":"https:\/\/www.jmatesanz.com\/index.php\/wp-json\/wp\/v2\/tags?post=2320"}],"curies":[{"name":"wp","href":"https:\/\/api.w.org\/{rel}","templated":true}]}}