{"id":2330,"date":"2026-04-24T06:00:00","date_gmt":"2026-04-24T04:00:00","guid":{"rendered":"https:\/\/www.jmatesanz.com\/?p=2330"},"modified":"2026-04-21T07:10:10","modified_gmt":"2026-04-21T05:10:10","slug":"lieja-2026-paul-seixas-vs-tadej-pogacar","status":"publish","type":"post","link":"https:\/\/www.jmatesanz.com\/index.php\/2026\/04\/24\/lieja-2026-paul-seixas-vs-tadej-pogacar\/","title":{"rendered":"Lieja 2026: Paul Seixas vs Tadej Pogacar"},"content":{"rendered":"\n<p style=\"text-align: justify;\">En boca de todos, ese gran plato que se ans\u00eda para el Tour de Francia sucediendo en una de sus carreras sat\u00e9lites, la Lieja-Bastogne-Lieja, La Doyenne. Para algunos un duelo de leyenda, para otros un saco de miedo. El dominador del ciclismo mundial contra the next best thing, el deseado antagonista que para muchos es superh\u00e9roe. <a href=\"https:\/\/www.jmatesanz.com\/index.php\/2026\/03\/02\/paul-seixas\/\" target=\"_blank\" rel=\"noreferrer noopener\">Paul Seixas<\/a> en una esquina. Franc\u00e9s, una de esas banderas cl\u00e1sicas de la historia del ciclismo. <a href=\"https:\/\/www.jmatesanz.com\/index.php\/2026\/03\/22\/pogacar-es-historia\/\" target=\"_blank\" rel=\"noreferrer noopener\">Tadej Pogacar<\/a> en la otra.\u00a0<\/p>\n\n<p style=\"text-align: justify;\">Para el p\u00fagil esloveno, una oportunidad de aniquilar esperanzas. El aperitivo del Tour puede ser mucho m\u00e1s sonado que eso: veneno o alimento. Las tablas son una victoria para el aspirante. La \u00fanica forma de apagar todo ese halo que se est\u00e1 construyendo detr\u00e1s del ciclista de Decathlon ser\u00eda empujarle al des\u00e1nimo, que \u00e9l mismo decida que quiere estrenar los galones de tres semanas en una carrera de menor alcurnia como la Vuelta. Si Pogacar no descabalga de su caballo al franc\u00e9s, la bola no va a hacer nada m\u00e1s que crecer. Es m\u00e1s, la gente quiere creer que hay alternativa. En Francia directamente se han echado al monte, en brazos de la histeria colectiva.<\/p>\n\n<p style=\"text-align: justify;\">Lieja, por tanto, ser\u00e1 el escal\u00f3n anterior. Primer duelo directo entre ambos, con la intenci\u00f3n de brillar y en forma, nada de ensayos con ratones. Cara a cara, duelo al amanecer. Aqu\u00ed la ventaja es para el campe\u00f3n, que conoce la carrera a la perfecci\u00f3n y est\u00e1 hecho a kilometradas de monumento. Seixas lo tendr\u00e1 que demostrar primero. Demostrar poder a la vez que enfrentarse al drag\u00f3n final del S\u00faper Mario parece demasiada batalla simult\u00e1nea. Lo normal es que sucumba. Pero el ciclismo hace tiempo que no se rige por los par\u00e1metros normales, as\u00ed que todo puede ser.<\/p>\n\n<p style=\"text-align: justify;\">Van Aert ha ense\u00f1ado el camino. Fuera de su zona de confort, cuando tiene que hacer alarde t\u00e1ctico en lugar de lucir pu\u00f1etazo de cuello vuelto es cuando se le ve humano, sufriente, dubitativo. Cierto que en rampas por encima del 10% es una quimera, hasta una locura. Seguirle o no seguirle es el dilema; anticipar, proponer y pagar la factura, otros puntos de vista. Todos conducen a lo mismo, a un d\u00eda de gran ciclismo en el mejor de los escenarios. Porque no sucede como en esas varias tardes de \u00faltimamente en las que ya sabemos el marcador antes de empezar el partido. As\u00ed pierde toda la gracia. Aunque mucha gente ve las pel\u00edculas en las que sabe que los buenos van a ganar. Gustos, colores.<\/p>\n\n<p style=\"text-align: justify;\">As\u00ed que un domingo cualquiera puede ser el d\u00eda se\u00f1alado en la historia para un cambio de guion. O una confirmaci\u00f3n del status quo. Lo saben y se han mostrado y escondido para ello. Los rumores de intento de fichaje del aspirante son todo menos casualidad. Por un lado, movimiento l\u00f3gico de mercado, por otro una forma de restarle ambici\u00f3n, de fagocitar la alternativa. Eso s\u00ed, como al aspirante le d\u00e9 en el morro al campe\u00f3n, tenemos campanas sonando y ganas de vendetta desde abril hasta julio.<\/p>\n\n<p style=\"text-align: justify;\"><strong><em>Fotos \u00a9 Itzulia \/ ASO<\/em><\/strong><\/p>\n","protected":false},"excerpt":{"rendered":"<p>En boca de todos, ese gran plato que se ans\u00eda para el Tour de Francia sucediendo en una de sus carreras sat\u00e9lites, la Lieja-Bastogne-Lieja, La Doyenne. Para algunos un duelo de leyenda, para otros un saco de miedo. El dominador del ciclismo mundial contra the next best thing, el deseado antagonista que para muchos es [&hellip;]<\/p>\n","protected":false},"author":2,"featured_media":2331,"comment_status":"open","ping_status":"open","sticky":false,"template":"","format":"standard","meta":{"_monsterinsights_skip_tracking":false,"_monsterinsights_sitenote_active":false,"_monsterinsights_sitenote_note":"","_monsterinsights_sitenote_category":0,"footnotes":""},"categories":[38],"tags":[136,654,71,183,617],"class_list":["post-2330","post","type-post","status-publish","format-standard","has-post-thumbnail","hentry","category-articulos","tag-136","tag-lieja","tag-opinion","tag-pogacar","tag-seixas"],"yoast_head":"<!-- This site is optimized with the Yoast SEO plugin v27.3 - https:\/\/yoast.com\/product\/yoast-seo-wordpress\/ -->\n<title>Lieja 2026: Paul Seixas vs Tadej Pogacar - Jorge Matesanz<\/title>\n<meta name=\"description\" content=\"Paul Seixas en una esquina. Franc\u00e9s, una de esas banderas cl\u00e1sicas de la historia del ciclismo. Tadej Pogacar en la otra...\" \/>\n<meta name=\"robots\" content=\"index, follow, max-snippet:-1, max-image-preview:large, max-video-preview:-1\" \/>\n<link rel=\"canonical\" href=\"https:\/\/www.jmatesanz.com\/index.php\/2026\/04\/24\/lieja-2026-paul-seixas-vs-tadej-pogacar\/\" \/>\n<meta property=\"og:locale\" content=\"es_ES\" \/>\n<meta property=\"og:type\" content=\"article\" \/>\n<meta property=\"og:title\" content=\"Lieja 2026: Paul Seixas vs Tadej Pogacar - Jorge Matesanz\" \/>\n<meta property=\"og:description\" content=\"Paul Seixas en una esquina. Franc\u00e9s, una de esas banderas cl\u00e1sicas de la historia del ciclismo. Tadej Pogacar en la otra...\" \/>\n<meta property=\"og:url\" content=\"https:\/\/www.jmatesanz.com\/index.php\/2026\/04\/24\/lieja-2026-paul-seixas-vs-tadej-pogacar\/\" \/>\n<meta property=\"og:site_name\" content=\"Jorge Matesanz\" \/>\n<meta property=\"article:published_time\" content=\"2026-04-24T04:00:00+00:00\" \/>\n<meta property=\"og:image\" content=\"https:\/\/www.jmatesanz.com\/wp-content\/uploads\/2026\/04\/pogacar-seixas.jpg\" \/>\n\t<meta property=\"og:image:width\" content=\"1920\" \/>\n\t<meta property=\"og:image:height\" content=\"1080\" \/>\n\t<meta property=\"og:image:type\" content=\"image\/jpeg\" \/>\n<meta name=\"author\" content=\"Jorge Matesanz\" \/>\n<meta name=\"twitter:card\" content=\"summary_large_image\" \/>\n<meta name=\"twitter:label1\" content=\"Escrito por\" \/>\n\t<meta name=\"twitter:data1\" content=\"Jorge Matesanz\" \/>\n\t<meta name=\"twitter:label2\" content=\"Tiempo de lectura\" \/>\n\t<meta name=\"twitter:data2\" content=\"1 minuto\" \/>\n<script type=\"application\/ld+json\" class=\"yoast-schema-graph\">{\"@context\":\"https:\\\/\\\/schema.org\",\"@graph\":[{\"@type\":\"Article\",\"@id\":\"https:\\\/\\\/www.jmatesanz.com\\\/index.php\\\/2026\\\/04\\\/24\\\/lieja-2026-paul-seixas-vs-tadej-pogacar\\\/#article\",\"isPartOf\":{\"@id\":\"https:\\\/\\\/www.jmatesanz.com\\\/index.php\\\/2026\\\/04\\\/24\\\/lieja-2026-paul-seixas-vs-tadej-pogacar\\\/\"},\"author\":{\"name\":\"Jorge Matesanz\",\"@id\":\"https:\\\/\\\/www.jmatesanz.com\\\/#\\\/schema\\\/person\\\/31889a4ed689fe34fdda08b7a6fa2bdb\"},\"headline\":\"Lieja 2026: Paul Seixas vs Tadej Pogacar\",\"datePublished\":\"2026-04-24T04:00:00+00:00\",\"mainEntityOfPage\":{\"@id\":\"https:\\\/\\\/www.jmatesanz.com\\\/index.php\\\/2026\\\/04\\\/24\\\/lieja-2026-paul-seixas-vs-tadej-pogacar\\\/\"},\"wordCount\":544,\"commentCount\":0,\"publisher\":{\"@id\":\"https:\\\/\\\/www.jmatesanz.com\\\/#organization\"},\"image\":{\"@id\":\"https:\\\/\\\/www.jmatesanz.com\\\/index.php\\\/2026\\\/04\\\/24\\\/lieja-2026-paul-seixas-vs-tadej-pogacar\\\/#primaryimage\"},\"thumbnailUrl\":\"https:\\\/\\\/www.jmatesanz.com\\\/wp-content\\\/uploads\\\/2026\\\/04\\\/pogacar-seixas.jpg\",\"keywords\":[\"2026\",\"lieja\",\"opinion\",\"pogacar\",\"seixas\"],\"articleSection\":[\"Art\u00edculos\"],\"inLanguage\":\"es\",\"potentialAction\":[{\"@type\":\"CommentAction\",\"name\":\"Comment\",\"target\":[\"https:\\\/\\\/www.jmatesanz.com\\\/index.php\\\/2026\\\/04\\\/24\\\/lieja-2026-paul-seixas-vs-tadej-pogacar\\\/#respond\"]}]},{\"@type\":\"WebPage\",\"@id\":\"https:\\\/\\\/www.jmatesanz.com\\\/index.php\\\/2026\\\/04\\\/24\\\/lieja-2026-paul-seixas-vs-tadej-pogacar\\\/\",\"url\":\"https:\\\/\\\/www.jmatesanz.com\\\/index.php\\\/2026\\\/04\\\/24\\\/lieja-2026-paul-seixas-vs-tadej-pogacar\\\/\",\"name\":\"Lieja 2026: Paul Seixas vs Tadej Pogacar - Jorge Matesanz\",\"isPartOf\":{\"@id\":\"https:\\\/\\\/www.jmatesanz.com\\\/#website\"},\"primaryImageOfPage\":{\"@id\":\"https:\\\/\\\/www.jmatesanz.com\\\/index.php\\\/2026\\\/04\\\/24\\\/lieja-2026-paul-seixas-vs-tadej-pogacar\\\/#primaryimage\"},\"image\":{\"@id\":\"https:\\\/\\\/www.jmatesanz.com\\\/index.php\\\/2026\\\/04\\\/24\\\/lieja-2026-paul-seixas-vs-tadej-pogacar\\\/#primaryimage\"},\"thumbnailUrl\":\"https:\\\/\\\/www.jmatesanz.com\\\/wp-content\\\/uploads\\\/2026\\\/04\\\/pogacar-seixas.jpg\",\"datePublished\":\"2026-04-24T04:00:00+00:00\",\"description\":\"Paul Seixas en una esquina. Franc\u00e9s, una de esas banderas cl\u00e1sicas de la historia del ciclismo. Tadej Pogacar en la otra...\",\"breadcrumb\":{\"@id\":\"https:\\\/\\\/www.jmatesanz.com\\\/index.php\\\/2026\\\/04\\\/24\\\/lieja-2026-paul-seixas-vs-tadej-pogacar\\\/#breadcrumb\"},\"inLanguage\":\"es\",\"potentialAction\":[{\"@type\":\"ReadAction\",\"target\":[\"https:\\\/\\\/www.jmatesanz.com\\\/index.php\\\/2026\\\/04\\\/24\\\/lieja-2026-paul-seixas-vs-tadej-pogacar\\\/\"]}]},{\"@type\":\"ImageObject\",\"inLanguage\":\"es\",\"@id\":\"https:\\\/\\\/www.jmatesanz.com\\\/index.php\\\/2026\\\/04\\\/24\\\/lieja-2026-paul-seixas-vs-tadej-pogacar\\\/#primaryimage\",\"url\":\"https:\\\/\\\/www.jmatesanz.com\\\/wp-content\\\/uploads\\\/2026\\\/04\\\/pogacar-seixas.jpg\",\"contentUrl\":\"https:\\\/\\\/www.jmatesanz.com\\\/wp-content\\\/uploads\\\/2026\\\/04\\\/pogacar-seixas.jpg\",\"width\":1920,\"height\":1080},{\"@type\":\"BreadcrumbList\",\"@id\":\"https:\\\/\\\/www.jmatesanz.com\\\/index.php\\\/2026\\\/04\\\/24\\\/lieja-2026-paul-seixas-vs-tadej-pogacar\\\/#breadcrumb\",\"itemListElement\":[{\"@type\":\"ListItem\",\"position\":1,\"name\":\"Portada\",\"item\":\"https:\\\/\\\/www.jmatesanz.com\\\/\"},{\"@type\":\"ListItem\",\"position\":2,\"name\":\"Lieja 2026: Paul Seixas vs Tadej Pogacar\"}]},{\"@type\":\"WebSite\",\"@id\":\"https:\\\/\\\/www.jmatesanz.com\\\/#website\",\"url\":\"https:\\\/\\\/www.jmatesanz.com\\\/\",\"name\":\"Jorge Matesanz\",\"description\":\"Mi ciclismo, mis opiniones, mis visiones, mis mundos\",\"publisher\":{\"@id\":\"https:\\\/\\\/www.jmatesanz.com\\\/#organization\"},\"potentialAction\":[{\"@type\":\"SearchAction\",\"target\":{\"@type\":\"EntryPoint\",\"urlTemplate\":\"https:\\\/\\\/www.jmatesanz.com\\\/?s={search_term_string}\"},\"query-input\":{\"@type\":\"PropertyValueSpecification\",\"valueRequired\":true,\"valueName\":\"search_term_string\"}}],\"inLanguage\":\"es\"},{\"@type\":\"Organization\",\"@id\":\"https:\\\/\\\/www.jmatesanz.com\\\/#organization\",\"name\":\"Jorge Matesanz\",\"url\":\"https:\\\/\\\/www.jmatesanz.com\\\/\",\"logo\":{\"@type\":\"ImageObject\",\"inLanguage\":\"es\",\"@id\":\"https:\\\/\\\/www.jmatesanz.com\\\/#\\\/schema\\\/logo\\\/image\\\/\",\"url\":\"https:\\\/\\\/www.jmatesanz.com\\\/wp-content\\\/uploads\\\/2025\\\/11\\\/cropped-cropped-cropped-LOGO_JORGE_MATESANZ_WEB.png\",\"contentUrl\":\"https:\\\/\\\/www.jmatesanz.com\\\/wp-content\\\/uploads\\\/2025\\\/11\\\/cropped-cropped-cropped-LOGO_JORGE_MATESANZ_WEB.png\",\"width\":500,\"height\":500,\"caption\":\"Jorge Matesanz\"},\"image\":{\"@id\":\"https:\\\/\\\/www.jmatesanz.com\\\/#\\\/schema\\\/logo\\\/image\\\/\"}},{\"@type\":\"Person\",\"@id\":\"https:\\\/\\\/www.jmatesanz.com\\\/#\\\/schema\\\/person\\\/31889a4ed689fe34fdda08b7a6fa2bdb\",\"name\":\"Jorge Matesanz\",\"image\":{\"@type\":\"ImageObject\",\"inLanguage\":\"es\",\"@id\":\"https:\\\/\\\/secure.gravatar.com\\\/avatar\\\/98c9e6a0a73a0299f2727febb12e61d8324aba2bee0e8c0a8e36be01c5bdcc0b?s=96&d=mm&r=g\",\"url\":\"https:\\\/\\\/secure.gravatar.com\\\/avatar\\\/98c9e6a0a73a0299f2727febb12e61d8324aba2bee0e8c0a8e36be01c5bdcc0b?s=96&d=mm&r=g\",\"contentUrl\":\"https:\\\/\\\/secure.gravatar.com\\\/avatar\\\/98c9e6a0a73a0299f2727febb12e61d8324aba2bee0e8c0a8e36be01c5bdcc0b?s=96&d=mm&r=g\",\"caption\":\"Jorge Matesanz\"},\"url\":\"https:\\\/\\\/www.jmatesanz.com\\\/index.php\\\/author\\\/jmatesanz\\\/\"}]}<\/script>\n<!-- \/ Yoast SEO plugin. -->","yoast_head_json":{"title":"Lieja 2026: Paul Seixas vs Tadej Pogacar - Jorge Matesanz","description":"Paul Seixas en una esquina. Franc\u00e9s, una de esas banderas cl\u00e1sicas de la historia del ciclismo. Tadej Pogacar en la otra...","robots":{"index":"index","follow":"follow","max-snippet":"max-snippet:-1","max-image-preview":"max-image-preview:large","max-video-preview":"max-video-preview:-1"},"canonical":"https:\/\/www.jmatesanz.com\/index.php\/2026\/04\/24\/lieja-2026-paul-seixas-vs-tadej-pogacar\/","og_locale":"es_ES","og_type":"article","og_title":"Lieja 2026: Paul Seixas vs Tadej Pogacar - Jorge Matesanz","og_description":"Paul Seixas en una esquina. Franc\u00e9s, una de esas banderas cl\u00e1sicas de la historia del ciclismo. Tadej Pogacar en la otra...","og_url":"https:\/\/www.jmatesanz.com\/index.php\/2026\/04\/24\/lieja-2026-paul-seixas-vs-tadej-pogacar\/","og_site_name":"Jorge Matesanz","article_published_time":"2026-04-24T04:00:00+00:00","og_image":[{"width":1920,"height":1080,"url":"https:\/\/www.jmatesanz.com\/wp-content\/uploads\/2026\/04\/pogacar-seixas.jpg","type":"image\/jpeg"}],"author":"Jorge Matesanz","twitter_card":"summary_large_image","twitter_misc":{"Escrito por":"Jorge Matesanz","Tiempo de lectura":"1 minuto"},"schema":{"@context":"https:\/\/schema.org","@graph":[{"@type":"Article","@id":"https:\/\/www.jmatesanz.com\/index.php\/2026\/04\/24\/lieja-2026-paul-seixas-vs-tadej-pogacar\/#article","isPartOf":{"@id":"https:\/\/www.jmatesanz.com\/index.php\/2026\/04\/24\/lieja-2026-paul-seixas-vs-tadej-pogacar\/"},"author":{"name":"Jorge Matesanz","@id":"https:\/\/www.jmatesanz.com\/#\/schema\/person\/31889a4ed689fe34fdda08b7a6fa2bdb"},"headline":"Lieja 2026: Paul Seixas vs Tadej Pogacar","datePublished":"2026-04-24T04:00:00+00:00","mainEntityOfPage":{"@id":"https:\/\/www.jmatesanz.com\/index.php\/2026\/04\/24\/lieja-2026-paul-seixas-vs-tadej-pogacar\/"},"wordCount":544,"commentCount":0,"publisher":{"@id":"https:\/\/www.jmatesanz.com\/#organization"},"image":{"@id":"https:\/\/www.jmatesanz.com\/index.php\/2026\/04\/24\/lieja-2026-paul-seixas-vs-tadej-pogacar\/#primaryimage"},"thumbnailUrl":"https:\/\/www.jmatesanz.com\/wp-content\/uploads\/2026\/04\/pogacar-seixas.jpg","keywords":["2026","lieja","opinion","pogacar","seixas"],"articleSection":["Art\u00edculos"],"inLanguage":"es","potentialAction":[{"@type":"CommentAction","name":"Comment","target":["https:\/\/www.jmatesanz.com\/index.php\/2026\/04\/24\/lieja-2026-paul-seixas-vs-tadej-pogacar\/#respond"]}]},{"@type":"WebPage","@id":"https:\/\/www.jmatesanz.com\/index.php\/2026\/04\/24\/lieja-2026-paul-seixas-vs-tadej-pogacar\/","url":"https:\/\/www.jmatesanz.com\/index.php\/2026\/04\/24\/lieja-2026-paul-seixas-vs-tadej-pogacar\/","name":"Lieja 2026: Paul Seixas vs Tadej Pogacar - Jorge Matesanz","isPartOf":{"@id":"https:\/\/www.jmatesanz.com\/#website"},"primaryImageOfPage":{"@id":"https:\/\/www.jmatesanz.com\/index.php\/2026\/04\/24\/lieja-2026-paul-seixas-vs-tadej-pogacar\/#primaryimage"},"image":{"@id":"https:\/\/www.jmatesanz.com\/index.php\/2026\/04\/24\/lieja-2026-paul-seixas-vs-tadej-pogacar\/#primaryimage"},"thumbnailUrl":"https:\/\/www.jmatesanz.com\/wp-content\/uploads\/2026\/04\/pogacar-seixas.jpg","datePublished":"2026-04-24T04:00:00+00:00","description":"Paul Seixas en una esquina. Franc\u00e9s, una de esas banderas cl\u00e1sicas de la historia del ciclismo. Tadej Pogacar en la otra...","breadcrumb":{"@id":"https:\/\/www.jmatesanz.com\/index.php\/2026\/04\/24\/lieja-2026-paul-seixas-vs-tadej-pogacar\/#breadcrumb"},"inLanguage":"es","potentialAction":[{"@type":"ReadAction","target":["https:\/\/www.jmatesanz.com\/index.php\/2026\/04\/24\/lieja-2026-paul-seixas-vs-tadej-pogacar\/"]}]},{"@type":"ImageObject","inLanguage":"es","@id":"https:\/\/www.jmatesanz.com\/index.php\/2026\/04\/24\/lieja-2026-paul-seixas-vs-tadej-pogacar\/#primaryimage","url":"https:\/\/www.jmatesanz.com\/wp-content\/uploads\/2026\/04\/pogacar-seixas.jpg","contentUrl":"https:\/\/www.jmatesanz.com\/wp-content\/uploads\/2026\/04\/pogacar-seixas.jpg","width":1920,"height":1080},{"@type":"BreadcrumbList","@id":"https:\/\/www.jmatesanz.com\/index.php\/2026\/04\/24\/lieja-2026-paul-seixas-vs-tadej-pogacar\/#breadcrumb","itemListElement":[{"@type":"ListItem","position":1,"name":"Portada","item":"https:\/\/www.jmatesanz.com\/"},{"@type":"ListItem","position":2,"name":"Lieja 2026: Paul Seixas vs Tadej Pogacar"}]},{"@type":"WebSite","@id":"https:\/\/www.jmatesanz.com\/#website","url":"https:\/\/www.jmatesanz.com\/","name":"Jorge Matesanz","description":"Mi ciclismo, mis opiniones, mis visiones, mis mundos","publisher":{"@id":"https:\/\/www.jmatesanz.com\/#organization"},"potentialAction":[{"@type":"SearchAction","target":{"@type":"EntryPoint","urlTemplate":"https:\/\/www.jmatesanz.com\/?s={search_term_string}"},"query-input":{"@type":"PropertyValueSpecification","valueRequired":true,"valueName":"search_term_string"}}],"inLanguage":"es"},{"@type":"Organization","@id":"https:\/\/www.jmatesanz.com\/#organization","name":"Jorge Matesanz","url":"https:\/\/www.jmatesanz.com\/","logo":{"@type":"ImageObject","inLanguage":"es","@id":"https:\/\/www.jmatesanz.com\/#\/schema\/logo\/image\/","url":"https:\/\/www.jmatesanz.com\/wp-content\/uploads\/2025\/11\/cropped-cropped-cropped-LOGO_JORGE_MATESANZ_WEB.png","contentUrl":"https:\/\/www.jmatesanz.com\/wp-content\/uploads\/2025\/11\/cropped-cropped-cropped-LOGO_JORGE_MATESANZ_WEB.png","width":500,"height":500,"caption":"Jorge Matesanz"},"image":{"@id":"https:\/\/www.jmatesanz.com\/#\/schema\/logo\/image\/"}},{"@type":"Person","@id":"https:\/\/www.jmatesanz.com\/#\/schema\/person\/31889a4ed689fe34fdda08b7a6fa2bdb","name":"Jorge Matesanz","image":{"@type":"ImageObject","inLanguage":"es","@id":"https:\/\/secure.gravatar.com\/avatar\/98c9e6a0a73a0299f2727febb12e61d8324aba2bee0e8c0a8e36be01c5bdcc0b?s=96&d=mm&r=g","url":"https:\/\/secure.gravatar.com\/avatar\/98c9e6a0a73a0299f2727febb12e61d8324aba2bee0e8c0a8e36be01c5bdcc0b?s=96&d=mm&r=g","contentUrl":"https:\/\/secure.gravatar.com\/avatar\/98c9e6a0a73a0299f2727febb12e61d8324aba2bee0e8c0a8e36be01c5bdcc0b?s=96&d=mm&r=g","caption":"Jorge Matesanz"},"url":"https:\/\/www.jmatesanz.com\/index.php\/author\/jmatesanz\/"}]}},"_links":{"self":[{"href":"https:\/\/www.jmatesanz.com\/index.php\/wp-json\/wp\/v2\/posts\/2330","targetHints":{"allow":["GET"]}}],"collection":[{"href":"https:\/\/www.jmatesanz.com\/index.php\/wp-json\/wp\/v2\/posts"}],"about":[{"href":"https:\/\/www.jmatesanz.com\/index.php\/wp-json\/wp\/v2\/types\/post"}],"author":[{"embeddable":true,"href":"https:\/\/www.jmatesanz.com\/index.php\/wp-json\/wp\/v2\/users\/2"}],"replies":[{"embeddable":true,"href":"https:\/\/www.jmatesanz.com\/index.php\/wp-json\/wp\/v2\/comments?post=2330"}],"version-history":[{"count":5,"href":"https:\/\/www.jmatesanz.com\/index.php\/wp-json\/wp\/v2\/posts\/2330\/revisions"}],"predecessor-version":[{"id":2337,"href":"https:\/\/www.jmatesanz.com\/index.php\/wp-json\/wp\/v2\/posts\/2330\/revisions\/2337"}],"wp:featuredmedia":[{"embeddable":true,"href":"https:\/\/www.jmatesanz.com\/index.php\/wp-json\/wp\/v2\/media\/2331"}],"wp:attachment":[{"href":"https:\/\/www.jmatesanz.com\/index.php\/wp-json\/wp\/v2\/media?parent=2330"}],"wp:term":[{"taxonomy":"category","embeddable":true,"href":"https:\/\/www.jmatesanz.com\/index.php\/wp-json\/wp\/v2\/categories?post=2330"},{"taxonomy":"post_tag","embeddable":true,"href":"https:\/\/www.jmatesanz.com\/index.php\/wp-json\/wp\/v2\/tags?post=2330"}],"curies":[{"name":"wp","href":"https:\/\/api.w.org\/{rel}","templated":true}]}}