{"id":335,"date":"2024-12-26T06:00:35","date_gmt":"2024-12-26T05:00:35","guid":{"rendered":"https:\/\/www.jmatesanz.com\/?p=335"},"modified":"2026-02-07T08:08:53","modified_gmt":"2026-02-07T07:08:53","slug":"el-adios-a-pascal-herve","status":"publish","type":"post","link":"https:\/\/www.jmatesanz.com\/index.php\/2024\/12\/26\/el-adios-a-pascal-herve\/","title":{"rendered":"El adi\u00f3s a Pascal Herv\u00e9"},"content":{"rendered":"\n<p><p style=\"text-align: justify;\"><a href=\"https:\/\/www.procyclingstats.com\/rider\/pascal-herve\" target=\"_blank\" rel=\"noopener\" title=\"\">Pascal Herv\u00e9<\/a> nos deja a los 60 a\u00f1os de edad. Fue una de las pocas noticias que el ciclismo nos ha dado el d\u00eda de Navidad en 2024, aunque bien pod\u00eda habernos dado un d\u00eda de descanso. As\u00ed lo anunciaba Laurent Brochard, compa\u00f1ero de fatigas durante los mejores a\u00f1os del Festina, en Facebook. Tambi\u00e9n Christophe Moureau, tambi\u00e9n antiguo compa\u00f1ero del triste protagonista, quien dej\u00f3 un emotivo a la par que triste mensaje en Twitter. <\/p><\/p>\n\n\n\n<p><p style=\"text-align: justify;\">El franc\u00e9s hab\u00eda anunciado el paso por los quir\u00f3fanos para luchar contra un c\u00e1ncer de est\u00f3mago, lo que desde el respeto y la resistencia a la especulaci\u00f3n, sirve de indicio a pensar que ha existido relaci\u00f3n entre su fallecimiento y tan terrible enfermedad. Descanse en paz.\u00a0<\/p><\/p>\n\n\n\n<p><p style=\"text-align: justify;\">Pese a nacer en Tours, ciudad que el ciclismo ha relacionado siempre con el sprint de las llegadas del Tour y la resoluci\u00f3n de la m\u00edtica cl\u00e1sica que arranca en Par\u00eds, Herv\u00e9 se ha distinguido por ser un fino <a href=\"https:\/\/www.jmatesanz.com\/index.php\/2025\/01\/13\/ya-no-hay-escaladores\/\" target=\"_blank\" rel=\"noopener\" title=\"\">escalador<\/a>. Siempre ha sido lo que en el mundo anglosaj\u00f3n se conoce como un\u00a0<em>\u00ablatecomer\u00bb<\/em>, un talento tard\u00edo. Comenz\u00f3 su carrera profesional tarde, fich\u00f3 por el Festina a\u00fan m\u00e1s, para coincidir en el tiempo con una generaci\u00f3n de magn\u00edficos ciclistas que de una forma u otra iba a dejar impronta para la historia de este deporte. <\/p><\/p>\n\n\n\n<p><p style=\"text-align: justify;\">S\u00ed, se recuerdan muchos saltos en las rampas, mucha agilidad y valent\u00eda para acelerar el pedaleo y mostrarse ante las c\u00e1maras. Pero es inevitable relacionarle con todo el affaire Festina de 1998, donde \u00e9l fue exculpado, pero decidi\u00f3 cumplir condena junto a sus compa\u00f1eros de equipo, quiz\u00e1 por responsabilidad, solidaridad y compa\u00f1erismo, admitiendo con el paso de los a\u00f1os haberse dopado, as\u00ed que ser\u00eda m\u00e1s por una especie de lavander\u00eda de conciencia. Por m\u00ed y por todos mis compa\u00f1eros, a lo Mosquetero.\u00a0<\/p><\/p>\n\n\n\n<p><p style=\"text-align: justify;\">Ten\u00eda una forma de correr que ca\u00eda simp\u00e1tica. Ese carisma lo gan\u00f3 a base de no ganar, tal vez por empat\u00eda del gran p\u00fablico con alguien a quien la tostada siempre le ca\u00eda por el lado de la mantequilla. Abandon\u00f3 los relojes en la piel de Festina para firmar por los aspiradores del Polti, una aventura en la que acompa\u00f1\u00f3 a Richard Virenque, su fiel jefe de filas. Una temporada dur\u00f3, pero decidi\u00f3 asentarse en Italia fichando por el incierto Alessio. <\/p><\/p>\n\n\n\n<p><p style=\"text-align: justify;\">All\u00ed compart\u00eda plantilla con un exitoso Pietro Caucchioli, otro de esos ciclistas que en alguna fase de su trayectoria decidi\u00f3 te\u00f1irse la cabellera de amarillo pollo, como Pascal. Sin ser consciente de ello, vivir\u00eda las \u00faltimas pedaladas con ese maillot. Fue en el Giro de 2001 cuando todo sucedi\u00f3. Una edici\u00f3n c\u00e9lebre por las redadas de San Remo, el m\u00edtico caso de Frigo y el agua con sal, etc. En realidad, no le afect\u00f3, por que el positivo en el pr\u00f3logo de Pescara adelant\u00f3 su adi\u00f3s a la corsa rosa y, sin saberlo, a su carrera profesional. <\/p><\/p>\n\n\n\n<p><p style=\"text-align: justify;\">Despu\u00e9s de aquello, tan solo lucir\u00eda un dorsal en el Giro dell&#8217;Apenino una semana m\u00e1s tarde. Cierto que soplaba ya las treinta y siete velas, pero una corta vida para alguien que empez\u00f3 tarde y se march\u00f3 pronto, tanto del ciclismo como de la vida.\u00a0<\/p><\/p>\n\n\n\n<p><p style=\"text-align: justify;\">Naci\u00f3 un 13 de julio, veinticuatro horas antes de la fiesta nacional francesa. Tres d\u00edas antes que un corredor navarro que marcar\u00eda una \u00e9poca: Miguel Indur\u00e1in. Con \u00e9l apenas coincidir\u00eda unos a\u00f1os, los \u00faltimos del campe\u00f3n de cinco ediciones del Tour de Francia. 1996, el \u00faltimo de Miguel, fue el gran comienzo para Herv\u00e9, cuando anduvo bien cerca de hacer sonar la campana en la Vuelta al Pa\u00eds Vasco. Tambi\u00e9n en esa primera temporada de \u00e9xito, logr\u00f3 el triunfo en una etapa del Giro, el mayor d\u00eda de gloria para \u00e9l. <\/p><\/p>\n\n\n\n<p><p style=\"text-align: justify;\">Sum\u00f3 un total de ocho victorias, varias de entidad como una etapa en la Vuelta a Suiza, otra en la mencionada Itzulia y otra en la Dauphin\u00e9 que le valdr\u00eda la selecci\u00f3n para el Tour de Francia y comenzar ah\u00ed una carrera repleta de accidentes, breve, intensa y que al final de sus sombras nos deja la peor de las noticias: el adi\u00f3s definitivo a un ciclista que comparti\u00f3 sobremesa con muchos de nosotros.\u00a0<\/p><\/p>\n\n\n\n<p><p style=\"text-align: justify;\">Descanse en paz.&nbsp;<\/p><\/p>\n","protected":false},"excerpt":{"rendered":"<p>Pascal Herv\u00e9 nos deja a los 60 a\u00f1os de edad. Fue una de las pocas noticias que el ciclismo nos ha dado el d\u00eda de Navidad en 2024, aunque bien pod\u00eda habernos dado un d\u00eda de descanso. As\u00ed lo anunciaba Laurent Brochard, compa\u00f1ero de fatigas durante los mejores a\u00f1os del Festina, en Facebook. Tambi\u00e9n Christophe [&hellip;]<\/p>\n","protected":false},"author":2,"featured_media":340,"comment_status":"open","ping_status":"open","sticky":false,"template":"","format":"standard","meta":{"_monsterinsights_skip_tracking":false,"_monsterinsights_sitenote_active":false,"_monsterinsights_sitenote_note":"","_monsterinsights_sitenote_category":0,"footnotes":""},"categories":[38],"tags":[100,98,10,97,95,96,11,94,99],"class_list":["post-335","post","type-post","status-publish","format-standard","has-post-thumbnail","hentry","category-articulos","tag-adios","tag-dep","tag-editors-pick","tag-escalador","tag-festina","tag-francia","tag-must-read","tag-pascal-herve","tag-rip"],"yoast_head":"<!-- This site is optimized with the Yoast SEO plugin v27.3 - https:\/\/yoast.com\/product\/yoast-seo-wordpress\/ -->\n<title>El adi\u00f3s a Pascal Herv\u00e9 - Jorge Matesanz<\/title>\n<meta name=\"robots\" content=\"index, follow, max-snippet:-1, max-image-preview:large, max-video-preview:-1\" \/>\n<link rel=\"canonical\" href=\"https:\/\/www.jmatesanz.com\/index.php\/2024\/12\/26\/el-adios-a-pascal-herve\/\" \/>\n<meta property=\"og:locale\" content=\"es_ES\" \/>\n<meta property=\"og:type\" content=\"article\" \/>\n<meta property=\"og:title\" content=\"El adi\u00f3s a Pascal Herv\u00e9 - Jorge Matesanz\" \/>\n<meta property=\"og:description\" content=\"Pascal Herv\u00e9 nos deja a los 60 a\u00f1os de edad. Fue una de las pocas noticias que el ciclismo nos ha dado el d\u00eda de Navidad en 2024, aunque bien pod\u00eda habernos dado un d\u00eda de descanso. As\u00ed lo anunciaba Laurent Brochard, compa\u00f1ero de fatigas durante los mejores a\u00f1os del Festina, en Facebook. Tambi\u00e9n Christophe [&hellip;]\" \/>\n<meta property=\"og:url\" content=\"https:\/\/www.jmatesanz.com\/index.php\/2024\/12\/26\/el-adios-a-pascal-herve\/\" \/>\n<meta property=\"og:site_name\" content=\"Jorge Matesanz\" \/>\n<meta property=\"article:published_time\" content=\"2024-12-26T05:00:35+00:00\" \/>\n<meta property=\"article:modified_time\" content=\"2026-02-07T07:08:53+00:00\" \/>\n<meta property=\"og:image\" content=\"https:\/\/www.jmatesanz.com\/wp-content\/uploads\/2025\/11\/pascal-herve-1.jpg\" \/>\n\t<meta property=\"og:image:width\" content=\"616\" \/>\n\t<meta property=\"og:image:height\" content=\"411\" \/>\n\t<meta property=\"og:image:type\" content=\"image\/jpeg\" \/>\n<meta name=\"author\" content=\"Jorge Matesanz\" \/>\n<meta name=\"twitter:card\" content=\"summary_large_image\" \/>\n<meta name=\"twitter:label1\" content=\"Escrito por\" \/>\n\t<meta name=\"twitter:data1\" content=\"Jorge Matesanz\" \/>\n\t<meta name=\"twitter:label2\" content=\"Tiempo de lectura\" \/>\n\t<meta name=\"twitter:data2\" content=\"4 minutos\" \/>\n<script type=\"application\/ld+json\" class=\"yoast-schema-graph\">{\"@context\":\"https:\\\/\\\/schema.org\",\"@graph\":[{\"@type\":\"Article\",\"@id\":\"https:\\\/\\\/www.jmatesanz.com\\\/index.php\\\/2024\\\/12\\\/26\\\/el-adios-a-pascal-herve\\\/#article\",\"isPartOf\":{\"@id\":\"https:\\\/\\\/www.jmatesanz.com\\\/index.php\\\/2024\\\/12\\\/26\\\/el-adios-a-pascal-herve\\\/\"},\"author\":{\"name\":\"Jorge Matesanz\",\"@id\":\"https:\\\/\\\/www.jmatesanz.com\\\/#\\\/schema\\\/person\\\/31889a4ed689fe34fdda08b7a6fa2bdb\"},\"headline\":\"El adi\u00f3s a Pascal Herv\u00e9\",\"datePublished\":\"2024-12-26T05:00:35+00:00\",\"dateModified\":\"2026-02-07T07:08:53+00:00\",\"mainEntityOfPage\":{\"@id\":\"https:\\\/\\\/www.jmatesanz.com\\\/index.php\\\/2024\\\/12\\\/26\\\/el-adios-a-pascal-herve\\\/\"},\"wordCount\":754,\"commentCount\":0,\"publisher\":{\"@id\":\"https:\\\/\\\/www.jmatesanz.com\\\/#organization\"},\"image\":{\"@id\":\"https:\\\/\\\/www.jmatesanz.com\\\/index.php\\\/2024\\\/12\\\/26\\\/el-adios-a-pascal-herve\\\/#primaryimage\"},\"thumbnailUrl\":\"https:\\\/\\\/www.jmatesanz.com\\\/wp-content\\\/uploads\\\/2025\\\/11\\\/pascal-herve-1.jpg\",\"keywords\":[\"adios\",\"dep\",\"Editor's Pick\",\"escalador\",\"festina\",\"francia\",\"Must Read\",\"pascal herve\",\"rip\"],\"articleSection\":[\"Art\u00edculos\"],\"inLanguage\":\"es\",\"potentialAction\":[{\"@type\":\"CommentAction\",\"name\":\"Comment\",\"target\":[\"https:\\\/\\\/www.jmatesanz.com\\\/index.php\\\/2024\\\/12\\\/26\\\/el-adios-a-pascal-herve\\\/#respond\"]}]},{\"@type\":\"WebPage\",\"@id\":\"https:\\\/\\\/www.jmatesanz.com\\\/index.php\\\/2024\\\/12\\\/26\\\/el-adios-a-pascal-herve\\\/\",\"url\":\"https:\\\/\\\/www.jmatesanz.com\\\/index.php\\\/2024\\\/12\\\/26\\\/el-adios-a-pascal-herve\\\/\",\"name\":\"El adi\u00f3s a Pascal Herv\u00e9 - Jorge Matesanz\",\"isPartOf\":{\"@id\":\"https:\\\/\\\/www.jmatesanz.com\\\/#website\"},\"primaryImageOfPage\":{\"@id\":\"https:\\\/\\\/www.jmatesanz.com\\\/index.php\\\/2024\\\/12\\\/26\\\/el-adios-a-pascal-herve\\\/#primaryimage\"},\"image\":{\"@id\":\"https:\\\/\\\/www.jmatesanz.com\\\/index.php\\\/2024\\\/12\\\/26\\\/el-adios-a-pascal-herve\\\/#primaryimage\"},\"thumbnailUrl\":\"https:\\\/\\\/www.jmatesanz.com\\\/wp-content\\\/uploads\\\/2025\\\/11\\\/pascal-herve-1.jpg\",\"datePublished\":\"2024-12-26T05:00:35+00:00\",\"dateModified\":\"2026-02-07T07:08:53+00:00\",\"breadcrumb\":{\"@id\":\"https:\\\/\\\/www.jmatesanz.com\\\/index.php\\\/2024\\\/12\\\/26\\\/el-adios-a-pascal-herve\\\/#breadcrumb\"},\"inLanguage\":\"es\",\"potentialAction\":[{\"@type\":\"ReadAction\",\"target\":[\"https:\\\/\\\/www.jmatesanz.com\\\/index.php\\\/2024\\\/12\\\/26\\\/el-adios-a-pascal-herve\\\/\"]}]},{\"@type\":\"ImageObject\",\"inLanguage\":\"es\",\"@id\":\"https:\\\/\\\/www.jmatesanz.com\\\/index.php\\\/2024\\\/12\\\/26\\\/el-adios-a-pascal-herve\\\/#primaryimage\",\"url\":\"https:\\\/\\\/www.jmatesanz.com\\\/wp-content\\\/uploads\\\/2025\\\/11\\\/pascal-herve-1.jpg\",\"contentUrl\":\"https:\\\/\\\/www.jmatesanz.com\\\/wp-content\\\/uploads\\\/2025\\\/11\\\/pascal-herve-1.jpg\",\"width\":616,\"height\":411},{\"@type\":\"BreadcrumbList\",\"@id\":\"https:\\\/\\\/www.jmatesanz.com\\\/index.php\\\/2024\\\/12\\\/26\\\/el-adios-a-pascal-herve\\\/#breadcrumb\",\"itemListElement\":[{\"@type\":\"ListItem\",\"position\":1,\"name\":\"Portada\",\"item\":\"https:\\\/\\\/www.jmatesanz.com\\\/\"},{\"@type\":\"ListItem\",\"position\":2,\"name\":\"El adi\u00f3s a Pascal Herv\u00e9\"}]},{\"@type\":\"WebSite\",\"@id\":\"https:\\\/\\\/www.jmatesanz.com\\\/#website\",\"url\":\"https:\\\/\\\/www.jmatesanz.com\\\/\",\"name\":\"Jorge Matesanz\",\"description\":\"Mi ciclismo, mis opiniones, mis visiones, mis mundos\",\"publisher\":{\"@id\":\"https:\\\/\\\/www.jmatesanz.com\\\/#organization\"},\"potentialAction\":[{\"@type\":\"SearchAction\",\"target\":{\"@type\":\"EntryPoint\",\"urlTemplate\":\"https:\\\/\\\/www.jmatesanz.com\\\/?s={search_term_string}\"},\"query-input\":{\"@type\":\"PropertyValueSpecification\",\"valueRequired\":true,\"valueName\":\"search_term_string\"}}],\"inLanguage\":\"es\"},{\"@type\":\"Organization\",\"@id\":\"https:\\\/\\\/www.jmatesanz.com\\\/#organization\",\"name\":\"Jorge Matesanz\",\"url\":\"https:\\\/\\\/www.jmatesanz.com\\\/\",\"logo\":{\"@type\":\"ImageObject\",\"inLanguage\":\"es\",\"@id\":\"https:\\\/\\\/www.jmatesanz.com\\\/#\\\/schema\\\/logo\\\/image\\\/\",\"url\":\"https:\\\/\\\/www.jmatesanz.com\\\/wp-content\\\/uploads\\\/2025\\\/11\\\/cropped-cropped-cropped-LOGO_JORGE_MATESANZ_WEB.png\",\"contentUrl\":\"https:\\\/\\\/www.jmatesanz.com\\\/wp-content\\\/uploads\\\/2025\\\/11\\\/cropped-cropped-cropped-LOGO_JORGE_MATESANZ_WEB.png\",\"width\":500,\"height\":500,\"caption\":\"Jorge Matesanz\"},\"image\":{\"@id\":\"https:\\\/\\\/www.jmatesanz.com\\\/#\\\/schema\\\/logo\\\/image\\\/\"}},{\"@type\":\"Person\",\"@id\":\"https:\\\/\\\/www.jmatesanz.com\\\/#\\\/schema\\\/person\\\/31889a4ed689fe34fdda08b7a6fa2bdb\",\"name\":\"Jorge Matesanz\",\"image\":{\"@type\":\"ImageObject\",\"inLanguage\":\"es\",\"@id\":\"https:\\\/\\\/secure.gravatar.com\\\/avatar\\\/98c9e6a0a73a0299f2727febb12e61d8324aba2bee0e8c0a8e36be01c5bdcc0b?s=96&d=mm&r=g\",\"url\":\"https:\\\/\\\/secure.gravatar.com\\\/avatar\\\/98c9e6a0a73a0299f2727febb12e61d8324aba2bee0e8c0a8e36be01c5bdcc0b?s=96&d=mm&r=g\",\"contentUrl\":\"https:\\\/\\\/secure.gravatar.com\\\/avatar\\\/98c9e6a0a73a0299f2727febb12e61d8324aba2bee0e8c0a8e36be01c5bdcc0b?s=96&d=mm&r=g\",\"caption\":\"Jorge Matesanz\"},\"url\":\"https:\\\/\\\/www.jmatesanz.com\\\/index.php\\\/author\\\/jmatesanz\\\/\"}]}<\/script>\n<!-- \/ Yoast SEO plugin. -->","yoast_head_json":{"title":"El adi\u00f3s a Pascal Herv\u00e9 - Jorge Matesanz","robots":{"index":"index","follow":"follow","max-snippet":"max-snippet:-1","max-image-preview":"max-image-preview:large","max-video-preview":"max-video-preview:-1"},"canonical":"https:\/\/www.jmatesanz.com\/index.php\/2024\/12\/26\/el-adios-a-pascal-herve\/","og_locale":"es_ES","og_type":"article","og_title":"El adi\u00f3s a Pascal Herv\u00e9 - Jorge Matesanz","og_description":"Pascal Herv\u00e9 nos deja a los 60 a\u00f1os de edad. Fue una de las pocas noticias que el ciclismo nos ha dado el d\u00eda de Navidad en 2024, aunque bien pod\u00eda habernos dado un d\u00eda de descanso. As\u00ed lo anunciaba Laurent Brochard, compa\u00f1ero de fatigas durante los mejores a\u00f1os del Festina, en Facebook. Tambi\u00e9n Christophe [&hellip;]","og_url":"https:\/\/www.jmatesanz.com\/index.php\/2024\/12\/26\/el-adios-a-pascal-herve\/","og_site_name":"Jorge Matesanz","article_published_time":"2024-12-26T05:00:35+00:00","article_modified_time":"2026-02-07T07:08:53+00:00","og_image":[{"width":616,"height":411,"url":"https:\/\/www.jmatesanz.com\/wp-content\/uploads\/2025\/11\/pascal-herve-1.jpg","type":"image\/jpeg"}],"author":"Jorge Matesanz","twitter_card":"summary_large_image","twitter_misc":{"Escrito por":"Jorge Matesanz","Tiempo de lectura":"4 minutos"},"schema":{"@context":"https:\/\/schema.org","@graph":[{"@type":"Article","@id":"https:\/\/www.jmatesanz.com\/index.php\/2024\/12\/26\/el-adios-a-pascal-herve\/#article","isPartOf":{"@id":"https:\/\/www.jmatesanz.com\/index.php\/2024\/12\/26\/el-adios-a-pascal-herve\/"},"author":{"name":"Jorge Matesanz","@id":"https:\/\/www.jmatesanz.com\/#\/schema\/person\/31889a4ed689fe34fdda08b7a6fa2bdb"},"headline":"El adi\u00f3s a Pascal Herv\u00e9","datePublished":"2024-12-26T05:00:35+00:00","dateModified":"2026-02-07T07:08:53+00:00","mainEntityOfPage":{"@id":"https:\/\/www.jmatesanz.com\/index.php\/2024\/12\/26\/el-adios-a-pascal-herve\/"},"wordCount":754,"commentCount":0,"publisher":{"@id":"https:\/\/www.jmatesanz.com\/#organization"},"image":{"@id":"https:\/\/www.jmatesanz.com\/index.php\/2024\/12\/26\/el-adios-a-pascal-herve\/#primaryimage"},"thumbnailUrl":"https:\/\/www.jmatesanz.com\/wp-content\/uploads\/2025\/11\/pascal-herve-1.jpg","keywords":["adios","dep","Editor's Pick","escalador","festina","francia","Must Read","pascal herve","rip"],"articleSection":["Art\u00edculos"],"inLanguage":"es","potentialAction":[{"@type":"CommentAction","name":"Comment","target":["https:\/\/www.jmatesanz.com\/index.php\/2024\/12\/26\/el-adios-a-pascal-herve\/#respond"]}]},{"@type":"WebPage","@id":"https:\/\/www.jmatesanz.com\/index.php\/2024\/12\/26\/el-adios-a-pascal-herve\/","url":"https:\/\/www.jmatesanz.com\/index.php\/2024\/12\/26\/el-adios-a-pascal-herve\/","name":"El adi\u00f3s a Pascal Herv\u00e9 - Jorge Matesanz","isPartOf":{"@id":"https:\/\/www.jmatesanz.com\/#website"},"primaryImageOfPage":{"@id":"https:\/\/www.jmatesanz.com\/index.php\/2024\/12\/26\/el-adios-a-pascal-herve\/#primaryimage"},"image":{"@id":"https:\/\/www.jmatesanz.com\/index.php\/2024\/12\/26\/el-adios-a-pascal-herve\/#primaryimage"},"thumbnailUrl":"https:\/\/www.jmatesanz.com\/wp-content\/uploads\/2025\/11\/pascal-herve-1.jpg","datePublished":"2024-12-26T05:00:35+00:00","dateModified":"2026-02-07T07:08:53+00:00","breadcrumb":{"@id":"https:\/\/www.jmatesanz.com\/index.php\/2024\/12\/26\/el-adios-a-pascal-herve\/#breadcrumb"},"inLanguage":"es","potentialAction":[{"@type":"ReadAction","target":["https:\/\/www.jmatesanz.com\/index.php\/2024\/12\/26\/el-adios-a-pascal-herve\/"]}]},{"@type":"ImageObject","inLanguage":"es","@id":"https:\/\/www.jmatesanz.com\/index.php\/2024\/12\/26\/el-adios-a-pascal-herve\/#primaryimage","url":"https:\/\/www.jmatesanz.com\/wp-content\/uploads\/2025\/11\/pascal-herve-1.jpg","contentUrl":"https:\/\/www.jmatesanz.com\/wp-content\/uploads\/2025\/11\/pascal-herve-1.jpg","width":616,"height":411},{"@type":"BreadcrumbList","@id":"https:\/\/www.jmatesanz.com\/index.php\/2024\/12\/26\/el-adios-a-pascal-herve\/#breadcrumb","itemListElement":[{"@type":"ListItem","position":1,"name":"Portada","item":"https:\/\/www.jmatesanz.com\/"},{"@type":"ListItem","position":2,"name":"El adi\u00f3s a Pascal Herv\u00e9"}]},{"@type":"WebSite","@id":"https:\/\/www.jmatesanz.com\/#website","url":"https:\/\/www.jmatesanz.com\/","name":"Jorge Matesanz","description":"Mi ciclismo, mis opiniones, mis visiones, mis mundos","publisher":{"@id":"https:\/\/www.jmatesanz.com\/#organization"},"potentialAction":[{"@type":"SearchAction","target":{"@type":"EntryPoint","urlTemplate":"https:\/\/www.jmatesanz.com\/?s={search_term_string}"},"query-input":{"@type":"PropertyValueSpecification","valueRequired":true,"valueName":"search_term_string"}}],"inLanguage":"es"},{"@type":"Organization","@id":"https:\/\/www.jmatesanz.com\/#organization","name":"Jorge Matesanz","url":"https:\/\/www.jmatesanz.com\/","logo":{"@type":"ImageObject","inLanguage":"es","@id":"https:\/\/www.jmatesanz.com\/#\/schema\/logo\/image\/","url":"https:\/\/www.jmatesanz.com\/wp-content\/uploads\/2025\/11\/cropped-cropped-cropped-LOGO_JORGE_MATESANZ_WEB.png","contentUrl":"https:\/\/www.jmatesanz.com\/wp-content\/uploads\/2025\/11\/cropped-cropped-cropped-LOGO_JORGE_MATESANZ_WEB.png","width":500,"height":500,"caption":"Jorge Matesanz"},"image":{"@id":"https:\/\/www.jmatesanz.com\/#\/schema\/logo\/image\/"}},{"@type":"Person","@id":"https:\/\/www.jmatesanz.com\/#\/schema\/person\/31889a4ed689fe34fdda08b7a6fa2bdb","name":"Jorge Matesanz","image":{"@type":"ImageObject","inLanguage":"es","@id":"https:\/\/secure.gravatar.com\/avatar\/98c9e6a0a73a0299f2727febb12e61d8324aba2bee0e8c0a8e36be01c5bdcc0b?s=96&d=mm&r=g","url":"https:\/\/secure.gravatar.com\/avatar\/98c9e6a0a73a0299f2727febb12e61d8324aba2bee0e8c0a8e36be01c5bdcc0b?s=96&d=mm&r=g","contentUrl":"https:\/\/secure.gravatar.com\/avatar\/98c9e6a0a73a0299f2727febb12e61d8324aba2bee0e8c0a8e36be01c5bdcc0b?s=96&d=mm&r=g","caption":"Jorge Matesanz"},"url":"https:\/\/www.jmatesanz.com\/index.php\/author\/jmatesanz\/"}]}},"_links":{"self":[{"href":"https:\/\/www.jmatesanz.com\/index.php\/wp-json\/wp\/v2\/posts\/335","targetHints":{"allow":["GET"]}}],"collection":[{"href":"https:\/\/www.jmatesanz.com\/index.php\/wp-json\/wp\/v2\/posts"}],"about":[{"href":"https:\/\/www.jmatesanz.com\/index.php\/wp-json\/wp\/v2\/types\/post"}],"author":[{"embeddable":true,"href":"https:\/\/www.jmatesanz.com\/index.php\/wp-json\/wp\/v2\/users\/2"}],"replies":[{"embeddable":true,"href":"https:\/\/www.jmatesanz.com\/index.php\/wp-json\/wp\/v2\/comments?post=335"}],"version-history":[{"count":6,"href":"https:\/\/www.jmatesanz.com\/index.php\/wp-json\/wp\/v2\/posts\/335\/revisions"}],"predecessor-version":[{"id":343,"href":"https:\/\/www.jmatesanz.com\/index.php\/wp-json\/wp\/v2\/posts\/335\/revisions\/343"}],"wp:featuredmedia":[{"embeddable":true,"href":"https:\/\/www.jmatesanz.com\/index.php\/wp-json\/wp\/v2\/media\/340"}],"wp:attachment":[{"href":"https:\/\/www.jmatesanz.com\/index.php\/wp-json\/wp\/v2\/media?parent=335"}],"wp:term":[{"taxonomy":"category","embeddable":true,"href":"https:\/\/www.jmatesanz.com\/index.php\/wp-json\/wp\/v2\/categories?post=335"},{"taxonomy":"post_tag","embeddable":true,"href":"https:\/\/www.jmatesanz.com\/index.php\/wp-json\/wp\/v2\/tags?post=335"}],"curies":[{"name":"wp","href":"https:\/\/api.w.org\/{rel}","templated":true}]}}